{"id":6694,"date":"2016-08-02T20:05:25","date_gmt":"2016-08-02T23:05:25","guid":{"rendered":"https:\/\/eldiariodesanpedro.com.ar\/sitio\/?p=6694"},"modified":"2016-08-02T20:05:25","modified_gmt":"2016-08-02T23:05:25","slug":"delincuentes-realizaron-destrozos-en-el-jardin-no-901","status":"publish","type":"post","link":"https:\/\/eldiariodesanpedro.com.ar\/sitio\/delincuentes-realizaron-destrozos-en-el-jardin-no-901\/","title":{"rendered":"Delincuentes realizaron destrozos en el jard\u00edn N\u00ba 901"},"content":{"rendered":"<p><!-- VideographyWP Plugin Message: Automatic video embedding prevented by plugin options. --><br \/>\nEl hecho se produjo entre la noche del domingo y la madrugada del lunes en el establecimiento educativo que se encuentra en Uruguay y Obligado.<br \/>\nLa secretaria del jard\u00edn denunci\u00f3 en la comisar\u00eda local que ayer a las 07.40 horas se present\u00f3 en el lugar y all\u00ed pudo constatar que autores ignorados ingresaron al interior del lugar previo abrir ventana. En tanto, advirti\u00f3 que en la zona de cocina hab\u00edan da\u00f1ado la cerradura de un mueble y desparramado en el piso la mercader\u00eda. Sin embargo, no hubo ning\u00fan faltante.<br \/>\nInterviene la UFI N\u00ba 7.<\/p>\n","protected":false},"excerpt":{"rendered":"<p>El hecho se produjo entre la noche del domingo y la madrugada del lunes en el establecimiento educativo que se encuentra en Uruguay y Obligado. La secretaria del jard\u00edn denunci\u00f3 en la comisar\u00eda local que ayer a las 07.40 horas se present\u00f3 en el lugar y all\u00ed pudo constatar que autores ignorados ingresaron al interior [&hellip;]<\/p>\n","protected":false},"author":4,"featured_media":6695,"comment_status":"open","ping_status":"closed","sticky":false,"template":"","format":"standard","meta":{"om_disable_all_campaigns":false,"_jetpack_memberships_contains_paid_content":false,"footnotes":""},"categories":[2,103],"tags":[],"class_list":["post-6694","post","type-post","status-publish","format-standard","has-post-thumbnail","hentry","category-locales","category-policiales-locales"],"aioseo_notices":[],"gutentor_comment":0,"jetpack_featured_media_url":"https:\/\/eldiariodesanpedro.com.ar\/sitio\/wp-content\/uploads\/2016\/08\/jardin-901.jpg","jetpack_shortlink":"https:\/\/wp.me\/p6RhLt-1JY","jetpack_sharing_enabled":true,"_links":{"self":[{"href":"https:\/\/eldiariodesanpedro.com.ar\/sitio\/wp-json\/wp\/v2\/posts\/6694","targetHints":{"allow":["GET"]}}],"collection":[{"href":"https:\/\/eldiariodesanpedro.com.ar\/sitio\/wp-json\/wp\/v2\/posts"}],"about":[{"href":"https:\/\/eldiariodesanpedro.com.ar\/sitio\/wp-json\/wp\/v2\/types\/post"}],"author":[{"embeddable":true,"href":"https:\/\/eldiariodesanpedro.com.ar\/sitio\/wp-json\/wp\/v2\/users\/4"}],"replies":[{"embeddable":true,"href":"https:\/\/eldiariodesanpedro.com.ar\/sitio\/wp-json\/wp\/v2\/comments?post=6694"}],"version-history":[{"count":1,"href":"https:\/\/eldiariodesanpedro.com.ar\/sitio\/wp-json\/wp\/v2\/posts\/6694\/revisions"}],"predecessor-version":[{"id":6696,"href":"https:\/\/eldiariodesanpedro.com.ar\/sitio\/wp-json\/wp\/v2\/posts\/6694\/revisions\/6696"}],"wp:featuredmedia":[{"embeddable":true,"href":"https:\/\/eldiariodesanpedro.com.ar\/sitio\/wp-json\/wp\/v2\/media\/6695"}],"wp:attachment":[{"href":"https:\/\/eldiariodesanpedro.com.ar\/sitio\/wp-json\/wp\/v2\/media?parent=6694"}],"wp:term":[{"taxonomy":"category","embeddable":true,"href":"https:\/\/eldiariodesanpedro.com.ar\/sitio\/wp-json\/wp\/v2\/categories?post=6694"},{"taxonomy":"post_tag","embeddable":true,"href":"https:\/\/eldiariodesanpedro.com.ar\/sitio\/wp-json\/wp\/v2\/tags?post=6694"}],"curies":[{"name":"wp","href":"https:\/\/api.w.org\/{rel}","templated":true}]}}