{"id":6692,"date":"2016-08-02T20:03:24","date_gmt":"2016-08-02T23:03:24","guid":{"rendered":"https:\/\/eldiariodesanpedro.com.ar\/sitio\/?p=6692"},"modified":"2016-08-02T20:03:24","modified_gmt":"2016-08-02T23:03:24","slug":"detuvieron-a-un-delincuente-que-habia-robado-en-una-vivienda","status":"publish","type":"post","link":"https:\/\/eldiariodesanpedro.com.ar\/sitio\/detuvieron-a-un-delincuente-que-habia-robado-en-una-vivienda\/","title":{"rendered":"Detuvieron a un delincuente que hab\u00eda robado en una vivienda"},"content":{"rendered":"<p><!-- VideographyWP Plugin Message: Automatic video embedding prevented by plugin options. --><br \/>\nLa polic\u00eda logr\u00f3 aprehender al malviviente que se hallaba cometiendo delitos en la zona de Ayacucho al 800. Seg\u00fan se pudo establecer, vecinos de la zona hab\u00edan advertido que el sujeto se encontraba efectuando aperturas de autos estacionados y, adem\u00e1s, hab\u00eda sido visto saliendo del interior de un domicilio.<br \/>\nTras la alerta al 101, un patrullero se dirigi\u00f3 a la zona, y en La Laguna y Saavedra encontraron a un sujeto de 21 a\u00f1os, el cual al notar la presencia del m\u00f3vil policial emprendi\u00f3 la fuga. Sin embargo, fue capturado r\u00e1pidamente.<br \/>\nSe le secuestr\u00f3 en su poder un cuchillo de cocina y dinero en efectivo, el cual se pudo establecer era de un vecino cercano al lugar. El malviviente hab\u00eda ingresado a su vivienda previo a violentar una ventana.<br \/>\nIntervino la UFI N\u00ba 5, la que aval\u00f3 la actuaci\u00f3n policial disponiendo para con el aprehendido alojamiento en la dependencia local y adem\u00e1s la recepci\u00f3n de testimonios, cumplimentando los recaudos legales. En tanto, la causa fue caratulada como \u201crobo agravado por efracci\u00f3n\u201d.<\/p>\n","protected":false},"excerpt":{"rendered":"<p>La polic\u00eda logr\u00f3 aprehender al malviviente que se hallaba cometiendo delitos en la zona de Ayacucho al 800. Seg\u00fan se pudo establecer, vecinos de la zona hab\u00edan advertido que el sujeto se encontraba efectuando aperturas de autos estacionados y, adem\u00e1s, hab\u00eda sido visto saliendo del interior de un domicilio. Tras la alerta al 101, un [&hellip;]<\/p>\n","protected":false},"author":4,"featured_media":5796,"comment_status":"open","ping_status":"closed","sticky":false,"template":"","format":"standard","meta":{"om_disable_all_campaigns":false,"_jetpack_memberships_contains_paid_content":false,"footnotes":""},"categories":[2,103],"tags":[],"class_list":["post-6692","post","type-post","status-publish","format-standard","has-post-thumbnail","hentry","category-locales","category-policiales-locales"],"aioseo_notices":[],"gutentor_comment":0,"jetpack_featured_media_url":"https:\/\/eldiariodesanpedro.com.ar\/sitio\/wp-content\/uploads\/2016\/07\/0007654707-1.jpg","jetpack_shortlink":"https:\/\/wp.me\/p6RhLt-1JW","jetpack_sharing_enabled":true,"_links":{"self":[{"href":"https:\/\/eldiariodesanpedro.com.ar\/sitio\/wp-json\/wp\/v2\/posts\/6692","targetHints":{"allow":["GET"]}}],"collection":[{"href":"https:\/\/eldiariodesanpedro.com.ar\/sitio\/wp-json\/wp\/v2\/posts"}],"about":[{"href":"https:\/\/eldiariodesanpedro.com.ar\/sitio\/wp-json\/wp\/v2\/types\/post"}],"author":[{"embeddable":true,"href":"https:\/\/eldiariodesanpedro.com.ar\/sitio\/wp-json\/wp\/v2\/users\/4"}],"replies":[{"embeddable":true,"href":"https:\/\/eldiariodesanpedro.com.ar\/sitio\/wp-json\/wp\/v2\/comments?post=6692"}],"version-history":[{"count":1,"href":"https:\/\/eldiariodesanpedro.com.ar\/sitio\/wp-json\/wp\/v2\/posts\/6692\/revisions"}],"predecessor-version":[{"id":6693,"href":"https:\/\/eldiariodesanpedro.com.ar\/sitio\/wp-json\/wp\/v2\/posts\/6692\/revisions\/6693"}],"wp:featuredmedia":[{"embeddable":true,"href":"https:\/\/eldiariodesanpedro.com.ar\/sitio\/wp-json\/wp\/v2\/media\/5796"}],"wp:attachment":[{"href":"https:\/\/eldiariodesanpedro.com.ar\/sitio\/wp-json\/wp\/v2\/media?parent=6692"}],"wp:term":[{"taxonomy":"category","embeddable":true,"href":"https:\/\/eldiariodesanpedro.com.ar\/sitio\/wp-json\/wp\/v2\/categories?post=6692"},{"taxonomy":"post_tag","embeddable":true,"href":"https:\/\/eldiariodesanpedro.com.ar\/sitio\/wp-json\/wp\/v2\/tags?post=6692"}],"curies":[{"name":"wp","href":"https:\/\/api.w.org\/{rel}","templated":true}]}}