{"id":6655,"date":"2016-08-01T20:00:39","date_gmt":"2016-08-01T23:00:39","guid":{"rendered":"https:\/\/eldiariodesanpedro.com.ar\/sitio\/?p=6655"},"modified":"2016-08-01T20:39:16","modified_gmt":"2016-08-01T23:39:16","slug":"siguen-encontrando-basura-en-los-zanjones","status":"publish","type":"post","link":"https:\/\/eldiariodesanpedro.com.ar\/sitio\/siguen-encontrando-basura-en-los-zanjones\/","title":{"rendered":"Siguen encontrando basura en los zanjones"},"content":{"rendered":"<p><!-- VideographyWP Plugin Message: Automatic video embedding prevented by plugin options. --><br \/>\nPor estos d\u00edas, personal del \u00e1rea de Obras P\u00fablicas de la Municipalidad, est\u00e1 trabajando en una tarea que parece menor pero que, cuando tenemos tormentas con importantes precipitaciones aparece, provocando inconvenientes de importancia para la poblaci\u00f3n. Nos estamos refiriendo a la limpieza de zanjas y alcantarillas de los barrios de la ciudad.<br \/>\nPor cuestiones vinculadas, por una parte, a la desatenci\u00f3n municipal de los \u00faltimos a\u00f1os y a la desidia de algunos vecinos que arrojan cualquier cosa en estos sitios, el desborde de zanjas y desag\u00fces se ha convertido en una fuente importante de problemas.<br \/>\nLos funcionarios del \u00e1rea nos han manifestado su deseo de completar la limpieza de todos los lugares comprometidos para que el agua pueda correr y no estancarse en los puntos bajos de la ciudad. Pero tambi\u00e9n nos han se\u00f1alado que no alcanza con efectuar esta tarea si los vecinos no se comprometen seriamente en dejar de tirar basura en las zanjas.<br \/>\nEn caso de ocurrir esto \u00faltimo, est\u00e1 previsto que se apliquen severas multas a los infractores, y ya les ha sido comunicado a los vecinos de los sectores donde se han efectuado trabajos de estas caracter\u00edsticas. Estos, por su parte, han manifestado que, en muchas oportunidades, aparecen veh\u00edculos de distintos comercios de la ciudad que dejan bolsas con basura en ellos. Concretamente, hay dos casos registrados de comerciantes que dejaron varias bolsas de basura en zanjones de calle Lavalle y en el camino conocido como \u201cde Corleto\u201d. En ambas los infractores pudieron ser identificados por los mismos vecinos.<br \/>\nEs posible que la colaboraci\u00f3n mutua entre funcionarios y ciudadanos pueda dejar en el olvido este problema y cada vez que llueva torrencialmente no debamos salir a registrar im\u00e1genes de lugares de la ciudad inundados. <\/p>\n<p><a href=\"https:\/\/eldiariodesanpedro.com.ar\/sitio\/wp-content\/uploads\/2016\/08\/PAGINA-5-02.jpg\"><img decoding=\"async\" data-attachment-id=\"6657\" data-permalink=\"https:\/\/eldiariodesanpedro.com.ar\/sitio\/siguen-encontrando-basura-en-los-zanjones\/pagina-5-02-22\/\" data-orig-file=\"https:\/\/eldiariodesanpedro.com.ar\/sitio\/wp-content\/uploads\/2016\/08\/PAGINA-5-02.jpg\" data-orig-size=\"284,473\" data-comments-opened=\"1\" data-image-meta=\"{&quot;aperture&quot;:&quot;0&quot;,&quot;credit&quot;:&quot;&quot;,&quot;camera&quot;:&quot;&quot;,&quot;caption&quot;:&quot;&quot;,&quot;created_timestamp&quot;:&quot;0&quot;,&quot;copyright&quot;:&quot;&quot;,&quot;focal_length&quot;:&quot;0&quot;,&quot;iso&quot;:&quot;0&quot;,&quot;shutter_speed&quot;:&quot;0&quot;,&quot;title&quot;:&quot;&quot;,&quot;orientation&quot;:&quot;0&quot;}\" data-image-title=\"PAGINA 5 02\" data-image-description=\"\" data-image-caption=\"\" data-large-file=\"https:\/\/eldiariodesanpedro.com.ar\/sitio\/wp-content\/uploads\/2016\/08\/PAGINA-5-02.jpg\" data-src=\"https:\/\/eldiariodesanpedro.com.ar\/sitio\/wp-content\/uploads\/2016\/08\/PAGINA-5-02-180x300.jpg\" alt=\"PAGINA 5 02\" width=\"180\" height=\"300\" class=\"alignnone size-medium wp-image-6657 lazyload\" data-srcset=\"https:\/\/eldiariodesanpedro.com.ar\/sitio\/wp-content\/uploads\/2016\/08\/PAGINA-5-02-180x300.jpg 180w, https:\/\/eldiariodesanpedro.com.ar\/sitio\/wp-content\/uploads\/2016\/08\/PAGINA-5-02.jpg 284w\" data-sizes=\"(max-width: 180px) 100vw, 180px\" src=\"data:image\/svg+xml;base64,PHN2ZyB3aWR0aD0iMSIgaGVpZ2h0PSIxIiB4bWxucz0iaHR0cDovL3d3dy53My5vcmcvMjAwMC9zdmciPjwvc3ZnPg==\" style=\"--smush-placeholder-width: 180px; --smush-placeholder-aspect-ratio: 180\/300;\" \/><\/a><\/p>\n","protected":false},"excerpt":{"rendered":"<p>Por estos d\u00edas, personal del \u00e1rea de Obras P\u00fablicas de la Municipalidad, est\u00e1 trabajando en una tarea que parece menor pero que, cuando tenemos tormentas con importantes precipitaciones aparece, provocando inconvenientes de importancia para la poblaci\u00f3n. Nos estamos refiriendo a la limpieza de zanjas y alcantarillas de los barrios de la ciudad. Por cuestiones vinculadas, [&hellip;]<\/p>\n","protected":false},"author":4,"featured_media":6675,"comment_status":"open","ping_status":"closed","sticky":false,"template":"","format":"standard","meta":{"om_disable_all_campaigns":false,"_jetpack_memberships_contains_paid_content":false,"footnotes":""},"categories":[50,101,2],"tags":[],"class_list":["post-6655","post","type-post","status-publish","format-standard","has-post-thumbnail","hentry","category-destacadas","category-interes-general-locales","category-locales"],"aioseo_notices":[],"gutentor_comment":0,"jetpack_featured_media_url":"https:\/\/eldiariodesanpedro.com.ar\/sitio\/wp-content\/uploads\/2016\/08\/PAGINA-5-03-1.jpg","jetpack_shortlink":"https:\/\/wp.me\/p6RhLt-1Jl","jetpack_sharing_enabled":true,"_links":{"self":[{"href":"https:\/\/eldiariodesanpedro.com.ar\/sitio\/wp-json\/wp\/v2\/posts\/6655","targetHints":{"allow":["GET"]}}],"collection":[{"href":"https:\/\/eldiariodesanpedro.com.ar\/sitio\/wp-json\/wp\/v2\/posts"}],"about":[{"href":"https:\/\/eldiariodesanpedro.com.ar\/sitio\/wp-json\/wp\/v2\/types\/post"}],"author":[{"embeddable":true,"href":"https:\/\/eldiariodesanpedro.com.ar\/sitio\/wp-json\/wp\/v2\/users\/4"}],"replies":[{"embeddable":true,"href":"https:\/\/eldiariodesanpedro.com.ar\/sitio\/wp-json\/wp\/v2\/comments?post=6655"}],"version-history":[{"count":1,"href":"https:\/\/eldiariodesanpedro.com.ar\/sitio\/wp-json\/wp\/v2\/posts\/6655\/revisions"}],"predecessor-version":[{"id":6658,"href":"https:\/\/eldiariodesanpedro.com.ar\/sitio\/wp-json\/wp\/v2\/posts\/6655\/revisions\/6658"}],"wp:featuredmedia":[{"embeddable":true,"href":"https:\/\/eldiariodesanpedro.com.ar\/sitio\/wp-json\/wp\/v2\/media\/6675"}],"wp:attachment":[{"href":"https:\/\/eldiariodesanpedro.com.ar\/sitio\/wp-json\/wp\/v2\/media?parent=6655"}],"wp:term":[{"taxonomy":"category","embeddable":true,"href":"https:\/\/eldiariodesanpedro.com.ar\/sitio\/wp-json\/wp\/v2\/categories?post=6655"},{"taxonomy":"post_tag","embeddable":true,"href":"https:\/\/eldiariodesanpedro.com.ar\/sitio\/wp-json\/wp\/v2\/tags?post=6655"}],"curies":[{"name":"wp","href":"https:\/\/api.w.org\/{rel}","templated":true}]}}