{"id":6652,"date":"2016-08-01T19:58:53","date_gmt":"2016-08-01T22:58:53","guid":{"rendered":"https:\/\/eldiariodesanpedro.com.ar\/sitio\/?p=6652"},"modified":"2016-08-01T19:58:53","modified_gmt":"2016-08-01T22:58:53","slug":"el-director-asociado-del-hospital-desmintio-su-renuncia","status":"publish","type":"post","link":"https:\/\/eldiariodesanpedro.com.ar\/sitio\/el-director-asociado-del-hospital-desmintio-su-renuncia\/","title":{"rendered":"El director asociado del Hospital desminti\u00f3 su renuncia"},"content":{"rendered":"<p><!-- VideographyWP Plugin Message: Automatic video embedding prevented by plugin options. --><br \/>\nHace varios d\u00edas que circula el rumor de que el Dr. Diego Noto, director asociado el Hospital, hab\u00eda renunciado a su cargo. Sin embargo, la versi\u00f3n fue desmentida por el propio funcionario, quien atribuy\u00f3 la \u201cfiltraci\u00f3n\u201d a \u201calguien que no tiene nada importante que hacer\u201d. Y luego asegur\u00f3: \u201cLa verdad, seguimos trabajando duro como el primer d\u00eda. Nunca pens\u00e9 en renunciar\u201d.<br \/>\nAl tiempo que confirm\u00f3: \u201cEl compromiso sigue intacto. Los rumores son mal intencionados\u201d.<br \/>\nCabe recordar que Noto fue director del Hospital durante la gesti\u00f3n pasada, en los momentos m\u00e1s cr\u00edticos de la salud p\u00fablica, con una importante cantidad de meses de manifestaci\u00f3n por parte de sus pares. Ante las incesantes medidas de fuerza, en reiteradas oportunidades se hizo cargo de la guardia ante los faltazos de los m\u00e9dicos que deb\u00edan cubrir el servicio.<br \/>\nEs por ello que no se pod\u00eda tomar seriamente la informaci\u00f3n, con el Hospital en una situaci\u00f3n que dista bastante de a\u00f1os anteriores.<\/p>\n","protected":false},"excerpt":{"rendered":"<p>Hace varios d\u00edas que circula el rumor de que el Dr. Diego Noto, director asociado el Hospital, hab\u00eda renunciado a su cargo. Sin embargo, la versi\u00f3n fue desmentida por el propio funcionario, quien atribuy\u00f3 la \u201cfiltraci\u00f3n\u201d a \u201calguien que no tiene nada importante que hacer\u201d. Y luego asegur\u00f3: \u201cLa verdad, seguimos trabajando duro como el [&hellip;]<\/p>\n","protected":false},"author":4,"featured_media":6653,"comment_status":"open","ping_status":"closed","sticky":false,"template":"","format":"standard","meta":{"om_disable_all_campaigns":false,"_jetpack_memberships_contains_paid_content":false,"footnotes":""},"categories":[101,2],"tags":[],"class_list":["post-6652","post","type-post","status-publish","format-standard","has-post-thumbnail","hentry","category-interes-general-locales","category-locales"],"aioseo_notices":[],"gutentor_comment":0,"jetpack_featured_media_url":"https:\/\/eldiariodesanpedro.com.ar\/sitio\/wp-content\/uploads\/2016\/08\/PAGINA-5-01.jpg","jetpack_shortlink":"https:\/\/wp.me\/p6RhLt-1Ji","jetpack_sharing_enabled":true,"_links":{"self":[{"href":"https:\/\/eldiariodesanpedro.com.ar\/sitio\/wp-json\/wp\/v2\/posts\/6652","targetHints":{"allow":["GET"]}}],"collection":[{"href":"https:\/\/eldiariodesanpedro.com.ar\/sitio\/wp-json\/wp\/v2\/posts"}],"about":[{"href":"https:\/\/eldiariodesanpedro.com.ar\/sitio\/wp-json\/wp\/v2\/types\/post"}],"author":[{"embeddable":true,"href":"https:\/\/eldiariodesanpedro.com.ar\/sitio\/wp-json\/wp\/v2\/users\/4"}],"replies":[{"embeddable":true,"href":"https:\/\/eldiariodesanpedro.com.ar\/sitio\/wp-json\/wp\/v2\/comments?post=6652"}],"version-history":[{"count":1,"href":"https:\/\/eldiariodesanpedro.com.ar\/sitio\/wp-json\/wp\/v2\/posts\/6652\/revisions"}],"predecessor-version":[{"id":6654,"href":"https:\/\/eldiariodesanpedro.com.ar\/sitio\/wp-json\/wp\/v2\/posts\/6652\/revisions\/6654"}],"wp:featuredmedia":[{"embeddable":true,"href":"https:\/\/eldiariodesanpedro.com.ar\/sitio\/wp-json\/wp\/v2\/media\/6653"}],"wp:attachment":[{"href":"https:\/\/eldiariodesanpedro.com.ar\/sitio\/wp-json\/wp\/v2\/media?parent=6652"}],"wp:term":[{"taxonomy":"category","embeddable":true,"href":"https:\/\/eldiariodesanpedro.com.ar\/sitio\/wp-json\/wp\/v2\/categories?post=6652"},{"taxonomy":"post_tag","embeddable":true,"href":"https:\/\/eldiariodesanpedro.com.ar\/sitio\/wp-json\/wp\/v2\/tags?post=6652"}],"curies":[{"name":"wp","href":"https:\/\/api.w.org\/{rel}","templated":true}]}}