{"id":6649,"date":"2016-08-01T19:57:53","date_gmt":"2016-08-01T22:57:53","guid":{"rendered":"https:\/\/eldiariodesanpedro.com.ar\/sitio\/?p=6649"},"modified":"2016-08-01T20:37:15","modified_gmt":"2016-08-01T23:37:15","slug":"multitudinaria-movilizacion-del-frente-gremial-docente-a-la-casa-de-la-provincia","status":"publish","type":"post","link":"https:\/\/eldiariodesanpedro.com.ar\/sitio\/multitudinaria-movilizacion-del-frente-gremial-docente-a-la-casa-de-la-provincia\/","title":{"rendered":"Multitudinaria movilizaci\u00f3n del Frente Gremial Docente a la Casa de la Provincia"},"content":{"rendered":"<p><!-- VideographyWP Plugin Message: Automatic video embedding prevented by plugin options. --><br \/>\nGremios docentes realizaron ayer una jornada de paro en seis provincias, entre ellas Buenos Aires, en reclamo de mejoras salariales para el segundo semestre del a\u00f1o, lo que complic\u00f3 el reinicio de las clases en esos distritos tras el receso escolar de invierno. All\u00ed estuvieron presentes nuclelados en FEB y SUTEBA.<br \/>\nLa jornada de paro de Udocba, la Federaci\u00f3n Nacional Docente opositora a la conducci\u00f3n del Suteba y auxiliares nucleados en ATE resinti\u00f3 el comienzo de las clases en la provincia de Buenos Aires, mientras otras medidas de fuerza impidieron el inicio normal del ciclo lectivo en Chaco, Tierra del Fuego, Santa Cruz, Misiones y Catamarca.<br \/>\nFuentes gremiales dijeron que la huelga docente en Buenos Aires tuvo mayor acatamiento en los municipios bonaerenses de La Plata, Tigre, La Matanza, Ensenada, Berazategui, Bah\u00eda Blanca, Quilmes, Marcos Paz y Escobar.<br \/>\nEn tanto, el Frente Gremial Docente Bonaerense (Suteba, Amet, FEB, Sadop, y UDA) no convoc\u00f3 a un paro para hoy, pero realiz\u00f3 esta ma\u00f1ana una protesta frente a la Casa de la Provincia de Buenos Aires para exigir una \u00aburgente\u00bb recomposici\u00f3n e incremento salarial.<\/p>\n<p>Baradel<\/p>\n<p>Sobre la masiva convocatoria y esta jornada de lucha, Roberto Baradel, secretario general de SUTEBA, declar\u00f3: \u00abEs impresionante la cantidad de compa\u00f1eros que vinieron, tal como lo hicimos antes del inicio del ciclo lectivo. Si el 9 de agosto no hay respuestas de apertura de paritarias, aumento salarial e inversi\u00f3n social, va a haber un paro general docente en toda la provincia de Buenos Aires convocado por el Frente Gremial Docente Bonaerense\u00bb.<br \/>\nAdem\u00e1s, el dirigente se solidariz\u00f3 con los docentes de los Programas Socioeducativos Orquestas Infantiles, CAI y CAJ que est\u00e1n hace 5 meses sin cobrar y denunci\u00f3: \u00abNos hablan de Educaci\u00f3n P\u00fablica de calidad y no hay un solo peso para la infraestructura escolar, siguen pagando $12 por alumno en comedor escolar mientras el mismo gobierno en Capital Federal paga $40 por alumno y no nombran cargos docentes. \u00bfHay educaci\u00f3n de primera y segunda? \u00bfPor qu\u00e9 en las escuelas no hay bibliotecarios, equipos de orientaci\u00f3n, maestros integradores, profesores de Educaci\u00f3n F\u00edsica o Art\u00edstica?\u00bb.<br \/>\nA su vez, Baradel exigi\u00f3: \u00abEn la \u00faltima reuni\u00f3n le dijimos a un funcionario que sean incorporados los $1.800 que est\u00e1n fuera del salario b\u00e1sico y nos contest\u00f3 que &#8216;ser\u00edan $10.000 millones que preferimos usarlos en otras cosas&#8217;. En vez de invertir en carrera docente o comedores escolares, lo usan para transferir recursos a los sectores de mayor capacidad contributiva. Queremos que eso pase al salario b\u00e1sico y que respeten la carrera docente\u00bb.<\/p>\n<p>Petroccini<\/p>\n<p>La titular de la Federaci\u00f3n de Educadores Bonaerenses (FEB), Mirta Petroccini, amenaz\u00f3 con realizar un paro general en las 17 mil escuelas provinciales si ese d\u00eda el gobierno no responde.<br \/>\n\u201cSi el 9 de agosto no tenemos respuestas concretas, un n\u00famero para discutir y si esto no se escucha, tomaremos medidas\u201d, advirti\u00f3 la gremialista.<br \/>\nPetrocini advirti\u00f3 posteriormente que si despu\u00e9s del encuentro con la Comisi\u00f3n T\u00e9cnica no hay respuesta del Gobierno \u201chabr\u00e1 un paro total en la provincia de Buenos Aires\u00bb.   <\/p>\n<p>Finocchiaro<\/p>\n<p>El director general de Cultura y Educaci\u00f3n bonaerense, Alejandro Finocchiaro, puso en marcha este lunes la segunda parte del ciclo lectivo bonaerense, tras el receso invernal.<br \/>\nJunto con los alumnos de la Escuela 2 de General Pinto, el titular de la cartera educativa asegur\u00f3 que \u00abcada d\u00eda de clases es importante para el presente y futuro de nuestros chicos\u00bb e \u00abinst\u00f3 a los alumnos a valorar el rol de la Educaci\u00f3n, porque les va a dar la posibilidad de ser libres y elegir su futuro\u00bb.<br \/>\nEnfatiz\u00f3 la necesidad de que \u00ablos adultos diriman sus conflictos con tolerancia y en el di\u00e1logo\u00bb, para que las disputas de los mayores \u00abno obstruyan la libertad de los chicos y de los j\u00f3venes de forjarse el futuro que anhelen\u00bb.<\/p>\n","protected":false},"excerpt":{"rendered":"<p>Gremios docentes realizaron ayer una jornada de paro en seis provincias, entre ellas Buenos Aires, en reclamo de mejoras salariales para el segundo semestre del a\u00f1o, lo que complic\u00f3 el reinicio de las clases en esos distritos tras el receso escolar de invierno. All\u00ed estuvieron presentes nuclelados en FEB y SUTEBA. La jornada de paro [&hellip;]<\/p>\n","protected":false},"author":4,"featured_media":6674,"comment_status":"open","ping_status":"closed","sticky":false,"template":"","format":"standard","meta":{"om_disable_all_campaigns":false,"_jetpack_memberships_contains_paid_content":false,"footnotes":""},"categories":[50,101,2],"tags":[],"class_list":["post-6649","post","type-post","status-publish","format-standard","has-post-thumbnail","hentry","category-destacadas","category-interes-general-locales","category-locales"],"aioseo_notices":[],"gutentor_comment":0,"jetpack_featured_media_url":"https:\/\/eldiariodesanpedro.com.ar\/sitio\/wp-content\/uploads\/2016\/08\/FEB-SAN-PEDRO.jpg","jetpack_shortlink":"https:\/\/wp.me\/p6RhLt-1Jf","jetpack_sharing_enabled":true,"_links":{"self":[{"href":"https:\/\/eldiariodesanpedro.com.ar\/sitio\/wp-json\/wp\/v2\/posts\/6649","targetHints":{"allow":["GET"]}}],"collection":[{"href":"https:\/\/eldiariodesanpedro.com.ar\/sitio\/wp-json\/wp\/v2\/posts"}],"about":[{"href":"https:\/\/eldiariodesanpedro.com.ar\/sitio\/wp-json\/wp\/v2\/types\/post"}],"author":[{"embeddable":true,"href":"https:\/\/eldiariodesanpedro.com.ar\/sitio\/wp-json\/wp\/v2\/users\/4"}],"replies":[{"embeddable":true,"href":"https:\/\/eldiariodesanpedro.com.ar\/sitio\/wp-json\/wp\/v2\/comments?post=6649"}],"version-history":[{"count":1,"href":"https:\/\/eldiariodesanpedro.com.ar\/sitio\/wp-json\/wp\/v2\/posts\/6649\/revisions"}],"predecessor-version":[{"id":6651,"href":"https:\/\/eldiariodesanpedro.com.ar\/sitio\/wp-json\/wp\/v2\/posts\/6649\/revisions\/6651"}],"wp:featuredmedia":[{"embeddable":true,"href":"https:\/\/eldiariodesanpedro.com.ar\/sitio\/wp-json\/wp\/v2\/media\/6674"}],"wp:attachment":[{"href":"https:\/\/eldiariodesanpedro.com.ar\/sitio\/wp-json\/wp\/v2\/media?parent=6649"}],"wp:term":[{"taxonomy":"category","embeddable":true,"href":"https:\/\/eldiariodesanpedro.com.ar\/sitio\/wp-json\/wp\/v2\/categories?post=6649"},{"taxonomy":"post_tag","embeddable":true,"href":"https:\/\/eldiariodesanpedro.com.ar\/sitio\/wp-json\/wp\/v2\/tags?post=6649"}],"curies":[{"name":"wp","href":"https:\/\/api.w.org\/{rel}","templated":true}]}}