{"id":6646,"date":"2016-08-01T19:54:37","date_gmt":"2016-08-01T22:54:37","guid":{"rendered":"https:\/\/eldiariodesanpedro.com.ar\/sitio\/?p=6646"},"modified":"2016-08-01T19:54:37","modified_gmt":"2016-08-01T22:54:37","slug":"prat-gay-hizo-una-escala-tecnica-en-nuestra-ciudad-en-su-moto","status":"publish","type":"post","link":"https:\/\/eldiariodesanpedro.com.ar\/sitio\/prat-gay-hizo-una-escala-tecnica-en-nuestra-ciudad-en-su-moto\/","title":{"rendered":"Prat Gay hizo una escala t\u00e9cnica en nuestra ciudad en su moto"},"content":{"rendered":"<p><!-- VideographyWP Plugin Message: Automatic video embedding prevented by plugin options. --><br \/>\nAlfonso Prat Gay, el ministro de Econom\u00eda del Gobierno nacional, no est\u00e1 pasando su mejor momento desde que asumi\u00f3 en el cartera econ\u00f3mica. Es que en temas tan sensibles como la coyuntura econ\u00f3mica, algunos mensajes subliminales del gobierno parecen haberle dado la derecha al titular del Banco central, Federico Sturzenegger, por sobre el ministro. De hecho, hubo una frase del presidente de la Naci\u00f3n que no pas\u00f3 inadvertida para ninguno de los dos. \u00abSi todos moderaran sus egos, la pol\u00edtica ser\u00eda mucho mejor\u00bb, dispar\u00f3 Macri hace unos d\u00edas.<br \/>\nSin embargo, parece que la situaci\u00f3n es diferente en el plano personal. Casi ni trascendi\u00f3 la separaci\u00f3n con su expareja, Natalia, con quien estuvo desde 2013 hasta hace poco tiempo. De hecho, en el edificio de Bajo Belgrano, donde vive el ministro hace unos dos meses que no la ven. Pese a su bajo perfil en este tema, y al hermetismo que trata de mantener en este aspecto, el ministro de Econom\u00eda fue visto en la ciudad de San Pedro, con campera de cuero y a bordo de su moto Triumph y sin custodia.<br \/>\nSin embargo, en la ciudad sampedrina solo hizo una escala t\u00e9cnica, puesto que seg\u00fan trascendi\u00f3 su destino final era la ciudad de Rosario, donde ten\u00eda una cita y todo indica que no era de negocios ni formaba parte de la agenda pol\u00edtica. <\/p>\n","protected":false},"excerpt":{"rendered":"<p>Alfonso Prat Gay, el ministro de Econom\u00eda del Gobierno nacional, no est\u00e1 pasando su mejor momento desde que asumi\u00f3 en el cartera econ\u00f3mica. Es que en temas tan sensibles como la coyuntura econ\u00f3mica, algunos mensajes subliminales del gobierno parecen haberle dado la derecha al titular del Banco central, Federico Sturzenegger, por sobre el ministro. De [&hellip;]<\/p>\n","protected":false},"author":4,"featured_media":6647,"comment_status":"open","ping_status":"closed","sticky":false,"template":"","format":"standard","meta":{"om_disable_all_campaigns":false,"_jetpack_memberships_contains_paid_content":false,"footnotes":""},"categories":[50,2,102],"tags":[],"class_list":["post-6646","post","type-post","status-publish","format-standard","has-post-thumbnail","hentry","category-destacadas","category-locales","category-politica-locales"],"aioseo_notices":[],"gutentor_comment":0,"jetpack_featured_media_url":"https:\/\/eldiariodesanpedro.com.ar\/sitio\/wp-content\/uploads\/2016\/08\/PAGINA-6.jpg","jetpack_shortlink":"https:\/\/wp.me\/p6RhLt-1Jc","jetpack_sharing_enabled":true,"_links":{"self":[{"href":"https:\/\/eldiariodesanpedro.com.ar\/sitio\/wp-json\/wp\/v2\/posts\/6646","targetHints":{"allow":["GET"]}}],"collection":[{"href":"https:\/\/eldiariodesanpedro.com.ar\/sitio\/wp-json\/wp\/v2\/posts"}],"about":[{"href":"https:\/\/eldiariodesanpedro.com.ar\/sitio\/wp-json\/wp\/v2\/types\/post"}],"author":[{"embeddable":true,"href":"https:\/\/eldiariodesanpedro.com.ar\/sitio\/wp-json\/wp\/v2\/users\/4"}],"replies":[{"embeddable":true,"href":"https:\/\/eldiariodesanpedro.com.ar\/sitio\/wp-json\/wp\/v2\/comments?post=6646"}],"version-history":[{"count":1,"href":"https:\/\/eldiariodesanpedro.com.ar\/sitio\/wp-json\/wp\/v2\/posts\/6646\/revisions"}],"predecessor-version":[{"id":6648,"href":"https:\/\/eldiariodesanpedro.com.ar\/sitio\/wp-json\/wp\/v2\/posts\/6646\/revisions\/6648"}],"wp:featuredmedia":[{"embeddable":true,"href":"https:\/\/eldiariodesanpedro.com.ar\/sitio\/wp-json\/wp\/v2\/media\/6647"}],"wp:attachment":[{"href":"https:\/\/eldiariodesanpedro.com.ar\/sitio\/wp-json\/wp\/v2\/media?parent=6646"}],"wp:term":[{"taxonomy":"category","embeddable":true,"href":"https:\/\/eldiariodesanpedro.com.ar\/sitio\/wp-json\/wp\/v2\/categories?post=6646"},{"taxonomy":"post_tag","embeddable":true,"href":"https:\/\/eldiariodesanpedro.com.ar\/sitio\/wp-json\/wp\/v2\/tags?post=6646"}],"curies":[{"name":"wp","href":"https:\/\/api.w.org\/{rel}","templated":true}]}}