{"id":6640,"date":"2016-08-01T19:48:14","date_gmt":"2016-08-01T22:48:14","guid":{"rendered":"https:\/\/eldiariodesanpedro.com.ar\/sitio\/?p=6640"},"modified":"2016-08-01T19:48:14","modified_gmt":"2016-08-01T22:48:14","slug":"nuevo-recorrido-por-zona-de-islas","status":"publish","type":"post","link":"https:\/\/eldiariodesanpedro.com.ar\/sitio\/nuevo-recorrido-por-zona-de-islas\/","title":{"rendered":"Nuevo recorrido por zona de islas"},"content":{"rendered":"<p><!-- VideographyWP Plugin Message: Automatic video embedding prevented by plugin options. --><br \/>\nLa Secretar\u00eda de Desarrollo Humano llev\u00f3 adelante un nuevo recorrido por la zona de islas junto a Prefectura Naval San Pedro. Se brind\u00f3 asistencia alimentaria y se entregaron elementos de limpieza y material a los vecinos que all\u00ed viven y que han sido maltratados por las inclemencias del tiempo y el avance del agua.<br \/>\n\u201cSabemos del amor por su tierra y sus or\u00edgenes, por eso es que trasladamos un equipo de trabajo para su atenci\u00f3n y as\u00ed poder darle asistencia de primera mano\u201d, aseguraron desde la cartera municipal.<br \/>\nParalelamente, la responsable del \u00e1rea, la Lic. Karina Chiarella, recorri\u00f3 junto al equipo t\u00e9cnico y en conjunto con Obras P\u00fablicas las viviendas afectadas por la creciente en el Bajo Tala y La Tosquera, con el objetivo de dar nuestro apoyo a quienes m\u00e1s lo necesitan.<\/p>\n","protected":false},"excerpt":{"rendered":"<p>La Secretar\u00eda de Desarrollo Humano llev\u00f3 adelante un nuevo recorrido por la zona de islas junto a Prefectura Naval San Pedro. Se brind\u00f3 asistencia alimentaria y se entregaron elementos de limpieza y material a los vecinos que all\u00ed viven y que han sido maltratados por las inclemencias del tiempo y el avance del agua. \u201cSabemos [&hellip;]<\/p>\n","protected":false},"author":4,"featured_media":6641,"comment_status":"open","ping_status":"closed","sticky":false,"template":"","format":"standard","meta":{"om_disable_all_campaigns":false,"_jetpack_memberships_contains_paid_content":false,"footnotes":""},"categories":[101,2],"tags":[],"class_list":["post-6640","post","type-post","status-publish","format-standard","has-post-thumbnail","hentry","category-interes-general-locales","category-locales"],"aioseo_notices":[],"gutentor_comment":0,"jetpack_featured_media_url":"https:\/\/eldiariodesanpedro.com.ar\/sitio\/wp-content\/uploads\/2016\/08\/islas-san-pedro.jpg","jetpack_shortlink":"https:\/\/wp.me\/p6RhLt-1J6","jetpack_sharing_enabled":true,"_links":{"self":[{"href":"https:\/\/eldiariodesanpedro.com.ar\/sitio\/wp-json\/wp\/v2\/posts\/6640","targetHints":{"allow":["GET"]}}],"collection":[{"href":"https:\/\/eldiariodesanpedro.com.ar\/sitio\/wp-json\/wp\/v2\/posts"}],"about":[{"href":"https:\/\/eldiariodesanpedro.com.ar\/sitio\/wp-json\/wp\/v2\/types\/post"}],"author":[{"embeddable":true,"href":"https:\/\/eldiariodesanpedro.com.ar\/sitio\/wp-json\/wp\/v2\/users\/4"}],"replies":[{"embeddable":true,"href":"https:\/\/eldiariodesanpedro.com.ar\/sitio\/wp-json\/wp\/v2\/comments?post=6640"}],"version-history":[{"count":1,"href":"https:\/\/eldiariodesanpedro.com.ar\/sitio\/wp-json\/wp\/v2\/posts\/6640\/revisions"}],"predecessor-version":[{"id":6642,"href":"https:\/\/eldiariodesanpedro.com.ar\/sitio\/wp-json\/wp\/v2\/posts\/6640\/revisions\/6642"}],"wp:featuredmedia":[{"embeddable":true,"href":"https:\/\/eldiariodesanpedro.com.ar\/sitio\/wp-json\/wp\/v2\/media\/6641"}],"wp:attachment":[{"href":"https:\/\/eldiariodesanpedro.com.ar\/sitio\/wp-json\/wp\/v2\/media?parent=6640"}],"wp:term":[{"taxonomy":"category","embeddable":true,"href":"https:\/\/eldiariodesanpedro.com.ar\/sitio\/wp-json\/wp\/v2\/categories?post=6640"},{"taxonomy":"post_tag","embeddable":true,"href":"https:\/\/eldiariodesanpedro.com.ar\/sitio\/wp-json\/wp\/v2\/tags?post=6640"}],"curies":[{"name":"wp","href":"https:\/\/api.w.org\/{rel}","templated":true}]}}