{"id":6633,"date":"2016-08-01T11:45:11","date_gmt":"2016-08-01T14:45:11","guid":{"rendered":"https:\/\/eldiariodesanpedro.com.ar\/sitio\/?p=6633"},"modified":"2026-01-24T00:32:57","modified_gmt":"2026-01-24T03:32:57","slug":"morro-iglesias-estara-en-la-copa-coronacion-luego-de-su-octavo-puesto-en-olavarria","status":"publish","type":"post","link":"https:\/\/eldiariodesanpedro.com.ar\/sitio\/morro-iglesias-estara-en-la-copa-coronacion-luego-de-su-octavo-puesto-en-olavarria\/","title":{"rendered":"Morro Iglesias estar\u00e1 en la Copa Coronaci\u00f3n luego de su octavo puesto en Olavarr\u00eda"},"content":{"rendered":"<p><!-- VideographyWP Plugin Message: Automatic video embedding prevented by plugin options. --><br \/>\n<a href=\"https:\/\/eldiariodesanpedro.com.ar\/sitio\/wp-content\/uploads\/2016\/08\/clasificacion-TCMP-1.jpg\"><img decoding=\"async\" data-attachment-id=\"6635\" data-permalink=\"https:\/\/eldiariodesanpedro.com.ar\/sitio\/morro-iglesias-estara-en-la-copa-coronacion-luego-de-su-octavo-puesto-en-olavarria\/clasificacion-tcmp-2\/\" data-orig-file=\"https:\/\/eldiariodesanpedro.com.ar\/sitio\/wp-content\/uploads\/2016\/08\/clasificacion-TCMP-1.jpg\" data-orig-size=\"410,595\" data-comments-opened=\"1\" data-image-meta=\"{&quot;aperture&quot;:&quot;0&quot;,&quot;credit&quot;:&quot;Picasa&quot;,&quot;camera&quot;:&quot;&quot;,&quot;caption&quot;:&quot;&quot;,&quot;created_timestamp&quot;:&quot;1470062580&quot;,&quot;copyright&quot;:&quot;&quot;,&quot;focal_length&quot;:&quot;0&quot;,&quot;iso&quot;:&quot;0&quot;,&quot;shutter_speed&quot;:&quot;0&quot;,&quot;title&quot;:&quot;&quot;,&quot;orientation&quot;:&quot;0&quot;}\" data-image-title=\"clasificacion TCMP\" data-image-description=\"\" data-image-caption=\"\" data-large-file=\"https:\/\/eldiariodesanpedro.com.ar\/sitio\/wp-content\/uploads\/2016\/08\/clasificacion-TCMP-1.jpg\" class=\"wp-image-6635 alignleft lazyload\" data-src=\"https:\/\/eldiariodesanpedro.com.ar\/sitio\/wp-content\/uploads\/2016\/08\/clasificacion-TCMP-1-207x300.jpg\" alt=\"clasificacion TCMP\" width=\"269\" height=\"389\" data-srcset=\"https:\/\/eldiariodesanpedro.com.ar\/sitio\/wp-content\/uploads\/2016\/08\/clasificacion-TCMP-1-207x300.jpg 207w, https:\/\/eldiariodesanpedro.com.ar\/sitio\/wp-content\/uploads\/2016\/08\/clasificacion-TCMP-1.jpg 410w\" data-sizes=\"(max-width: 269px) 100vw, 269px\" src=\"data:image\/svg+xml;base64,PHN2ZyB3aWR0aD0iMSIgaGVpZ2h0PSIxIiB4bWxucz0iaHR0cDovL3d3dy53My5vcmcvMjAwMC9zdmciPjwvc3ZnPg==\" style=\"--smush-placeholder-width: 269px; --smush-placeholder-aspect-ratio: 269\/389;\" \/><\/a>El piloto neuquino Lautaro de la Iglesia logr\u00f3 su primer triunfo en la categor\u00eda con el Ford del Garofalo Motorsport tras superar en la primera vuelta al Torino de Gast\u00f3n Lo Valvo y escaparse en la punta hasta el final de la competencia.<br \/>\nTras la largada hubo roces en el frenaje de la primera curva y uno de los m\u00e1s perjudicados fue Andr\u00e9s Jakos, quien se encuentra peleando en los puestos de punta del campeonato.<br \/>\nEl ingreso del auto de seguridad al promediar la carrera neutraliz\u00f3 las diferencias y el puntero que ya hab\u00eda largado con problemas de embrague, viv\u00eda con incertidumbre el relanzamiento.<br \/>\nSin embargo al liberarse la pista de la Iglesia se escap\u00f3 en la punta y la lucha se centr\u00f3 en la pelea por la segunda colocaci\u00f3n, entre Lo Valvo, Nowak y Weimann.<br \/>\nFinalmente la victoria fue para el piloto neuquino, quien se coloca ahora en el segundo lugar del torneo por detr\u00e1s de Agust\u00edn de Brabandere. Gast\u00f3n Lo Valvo y Leonardo Nowak completaron el podio en Olavarr\u00eda.<br \/>\nAll\u00ed, Fernando \u201cMorro\u201d Iglesias tuvo una correcta actuaci\u00f3n al concluir entre los mejores del fin de semana yendo de menor a mayor con respecto al rendimiento de su Chevrolet.<br \/>\nEl sampedrino hab\u00eda largado 18\u00ba en la final pero culmin\u00f3 en base a una gran levantada concluy\u00f3 en la 8va. ubicaci\u00f3n. Con esta clasificaci\u00f3n, Iglesias, se asegur\u00f3 un lugar entre los 12 mejores del campeonato que ingresaron a los play off finales y competir\u00e1n por la Copa Coronaci\u00f3n Rio Uruguay Seguros.<br \/>\nLa pr\u00f3xima fecha ser\u00e1 el 21 de agosto en el aut\u00f3dromo Roberto Mouras de La Plata.<\/p>\n","protected":false},"excerpt":{"rendered":"<p>El piloto neuquino Lautaro de la Iglesia logr\u00f3 su primer triunfo en la categor\u00eda con el Ford del Garofalo Motorsport tras superar en la primera vuelta al Torino de Gast\u00f3n Lo Valvo y escaparse en la punta hasta el final de la competencia. Tras la largada hubo roces en el frenaje de la primera curva [&hellip;]<\/p>\n","protected":false},"author":4,"featured_media":6636,"comment_status":"open","ping_status":"closed","sticky":false,"template":"","format":"standard","meta":{"om_disable_all_campaigns":false,"_jetpack_memberships_contains_paid_content":false,"footnotes":""},"categories":[5],"tags":[],"class_list":["post-6633","post","type-post","status-publish","format-standard","has-post-thumbnail","hentry","category-deportes"],"aioseo_notices":[],"gutentor_comment":0,"jetpack_featured_media_url":"https:\/\/eldiariodesanpedro.com.ar\/sitio\/wp-content\/uploads\/2016\/08\/morro.jpg","jetpack_shortlink":"https:\/\/wp.me\/p6RhLt-1IZ","jetpack_sharing_enabled":true,"_links":{"self":[{"href":"https:\/\/eldiariodesanpedro.com.ar\/sitio\/wp-json\/wp\/v2\/posts\/6633","targetHints":{"allow":["GET"]}}],"collection":[{"href":"https:\/\/eldiariodesanpedro.com.ar\/sitio\/wp-json\/wp\/v2\/posts"}],"about":[{"href":"https:\/\/eldiariodesanpedro.com.ar\/sitio\/wp-json\/wp\/v2\/types\/post"}],"author":[{"embeddable":true,"href":"https:\/\/eldiariodesanpedro.com.ar\/sitio\/wp-json\/wp\/v2\/users\/4"}],"replies":[{"embeddable":true,"href":"https:\/\/eldiariodesanpedro.com.ar\/sitio\/wp-json\/wp\/v2\/comments?post=6633"}],"version-history":[{"count":1,"href":"https:\/\/eldiariodesanpedro.com.ar\/sitio\/wp-json\/wp\/v2\/posts\/6633\/revisions"}],"predecessor-version":[{"id":6637,"href":"https:\/\/eldiariodesanpedro.com.ar\/sitio\/wp-json\/wp\/v2\/posts\/6633\/revisions\/6637"}],"wp:featuredmedia":[{"embeddable":true,"href":"https:\/\/eldiariodesanpedro.com.ar\/sitio\/wp-json\/wp\/v2\/media\/6636"}],"wp:attachment":[{"href":"https:\/\/eldiariodesanpedro.com.ar\/sitio\/wp-json\/wp\/v2\/media?parent=6633"}],"wp:term":[{"taxonomy":"category","embeddable":true,"href":"https:\/\/eldiariodesanpedro.com.ar\/sitio\/wp-json\/wp\/v2\/categories?post=6633"},{"taxonomy":"post_tag","embeddable":true,"href":"https:\/\/eldiariodesanpedro.com.ar\/sitio\/wp-json\/wp\/v2\/tags?post=6633"}],"curies":[{"name":"wp","href":"https:\/\/api.w.org\/{rel}","templated":true}]}}