{"id":66296,"date":"2019-12-30T09:58:33","date_gmt":"2019-12-30T12:58:33","guid":{"rendered":"https:\/\/eldiariodesanpedro.com.ar\/sitio\/?p=66296"},"modified":"2019-12-30T09:58:41","modified_gmt":"2019-12-30T12:58:41","slug":"sanatorio-coopser-asueto-administrativo","status":"publish","type":"post","link":"https:\/\/eldiariodesanpedro.com.ar\/sitio\/sanatorio-coopser-asueto-administrativo\/","title":{"rendered":"Sanatorio Coopser: Asueto Administrativo"},"content":{"rendered":"<!-- VideographyWP Plugin Message: Automatic video embedding prevented by plugin options. -->\n\n<p>\n\nAsueto Administrativo&nbsp;<\/p>\n\n\n\n<p>Coopser <strong>y Sanatorio Coopser <\/strong><em>adhieren <\/em><strong>al asueto administrativo, por lo tanto se informa que no habr\u00e1 atenci\u00f3n al p\u00fablico lunes 30 y martes 31,\u00a0 y la actividad se reanudar\u00e1 el jueves 2 de enero.<br>\u00a0\u00a0<\/strong><br><strong>Tanto en los servicios de la Cooperativa como en el Sanatorio, se mantienen las<\/strong> <strong>guardias habituales y las actividades programadas con anticipaci\u00f3n.<\/strong><br><\/p>\n","protected":false},"excerpt":{"rendered":"<p>Asueto Administrativo&nbsp; Coopser y Sanatorio Coopser adhieren al asueto administrativo, por lo tanto se informa que no habr\u00e1 atenci\u00f3n al p\u00fablico lunes 30 y martes 31,\u00a0 y la actividad se reanudar\u00e1 el jueves 2 de enero.\u00a0\u00a0Tanto en los servicios de la Cooperativa como en el Sanatorio, se mantienen las guardias habituales y las actividades programadas [&hellip;]<\/p>\n","protected":false},"author":4,"featured_media":66297,"comment_status":"open","ping_status":"closed","sticky":false,"template":"","format":"standard","meta":{"om_disable_all_campaigns":false,"_jetpack_memberships_contains_paid_content":false,"footnotes":""},"categories":[101,2],"tags":[],"class_list":["post-66296","post","type-post","status-publish","format-standard","has-post-thumbnail","hentry","category-interes-general-locales","category-locales"],"aioseo_notices":[],"gutentor_comment":0,"jetpack_featured_media_url":"https:\/\/eldiariodesanpedro.com.ar\/sitio\/wp-content\/uploads\/2019\/12\/33022817581_1c9dc3817f_k.jpg","jetpack_shortlink":"https:\/\/wp.me\/p6RhLt-hfi","jetpack_sharing_enabled":true,"_links":{"self":[{"href":"https:\/\/eldiariodesanpedro.com.ar\/sitio\/wp-json\/wp\/v2\/posts\/66296","targetHints":{"allow":["GET"]}}],"collection":[{"href":"https:\/\/eldiariodesanpedro.com.ar\/sitio\/wp-json\/wp\/v2\/posts"}],"about":[{"href":"https:\/\/eldiariodesanpedro.com.ar\/sitio\/wp-json\/wp\/v2\/types\/post"}],"author":[{"embeddable":true,"href":"https:\/\/eldiariodesanpedro.com.ar\/sitio\/wp-json\/wp\/v2\/users\/4"}],"replies":[{"embeddable":true,"href":"https:\/\/eldiariodesanpedro.com.ar\/sitio\/wp-json\/wp\/v2\/comments?post=66296"}],"version-history":[{"count":1,"href":"https:\/\/eldiariodesanpedro.com.ar\/sitio\/wp-json\/wp\/v2\/posts\/66296\/revisions"}],"predecessor-version":[{"id":66298,"href":"https:\/\/eldiariodesanpedro.com.ar\/sitio\/wp-json\/wp\/v2\/posts\/66296\/revisions\/66298"}],"wp:featuredmedia":[{"embeddable":true,"href":"https:\/\/eldiariodesanpedro.com.ar\/sitio\/wp-json\/wp\/v2\/media\/66297"}],"wp:attachment":[{"href":"https:\/\/eldiariodesanpedro.com.ar\/sitio\/wp-json\/wp\/v2\/media?parent=66296"}],"wp:term":[{"taxonomy":"category","embeddable":true,"href":"https:\/\/eldiariodesanpedro.com.ar\/sitio\/wp-json\/wp\/v2\/categories?post=66296"},{"taxonomy":"post_tag","embeddable":true,"href":"https:\/\/eldiariodesanpedro.com.ar\/sitio\/wp-json\/wp\/v2\/tags?post=66296"}],"curies":[{"name":"wp","href":"https:\/\/api.w.org\/{rel}","templated":true}]}}