{"id":66281,"date":"2019-12-30T07:57:36","date_gmt":"2019-12-30T10:57:36","guid":{"rendered":"https:\/\/eldiariodesanpedro.com.ar\/sitio\/?p=66281"},"modified":"2019-12-30T07:57:42","modified_gmt":"2019-12-30T10:57:42","slug":"suspension-del-dia-del-socio-en-el-nautico","status":"publish","type":"post","link":"https:\/\/eldiariodesanpedro.com.ar\/sitio\/suspension-del-dia-del-socio-en-el-nautico\/","title":{"rendered":"Suspensi\u00f3n del D\u00eda del Socio en el N\u00e1utico"},"content":{"rendered":"<!-- VideographyWP Plugin Message: Automatic video embedding prevented by plugin options. -->\n\n<p>La Comisi\u00f3n Directiva del Club N\u00e1utico San Pedro lamenta informar que debido a las tormentas de anoche y de esta ma\u00f1ana, se ha resuelto suspender la fiesta del D\u00eda del Socio (#30D). <\/p>\n\n\n\n<p>Las zonas al aire libre que habitualmente se utilizan para compartir la jornada, no est\u00e1n en condiciones para recibir a los miles de socios que suelen concurrir, y se intenta garantizar la seguridad de todos y el estado de los espacios que deben preservarse para la temporada, por lo tanto  tendr\u00e1n acceso restringido. Adem\u00e1s se controlar\u00e1 preventivamente el acceso al r\u00edo.<\/p>\n\n\n\n<p>Al mismo tiempo se ha decidido postergar la grilla art\u00edstica prevista en Playa Central para una nueva fecha que ser\u00e1 confirmada en breve. <\/p>\n\n\n\n<p><em>Para quienes decidan concurrir de igual manera y utilizar los espacios que queden habilitados, bajo techo, rigen las mismas normas que hab\u00edan sido oportunamente anunciadas y habr\u00e1 un operativo especial de seguridad, apelando a la comprensi\u00f3n de todos, especialmente de los adultos que tienen a cargo menores.<\/em> <\/p>\n\n\n\n<p>El D\u00eda del Socio o \u00abLa Previa\u00bb, como la conocemos, es una propuesta para la que se ha trabajado mucho, con las mejores intenciones, intentando ofrecerles a todos una jornada de entretenimiento, exclusiva para nuestros socios.<\/p>\n\n\n\n<p>No obstante, entendemos que merece otras condiciones, para  que sea una gran fiesta para compartir con familia y amigos. <\/p>\n\n\n\n<p>Por eso, ante el mal clima que podr\u00eda extenderse durante varias horas, se ha tomado esta decisi\u00f3n, reiterando la prioridad de preservar las instalaciones sociales y deportivas que se disfrutan todo el a\u00f1o.<\/p>\n\n\n\n<p><em>Informaremos otras novedades tan pronto como sea posible<\/em>.<\/p>\n","protected":false},"excerpt":{"rendered":"<p>La Comisi\u00f3n Directiva del Club N\u00e1utico San Pedro lamenta informar que debido a las tormentas de anoche y de esta ma\u00f1ana, se ha resuelto suspender la fiesta del D\u00eda del Socio (#30D). Las zonas al aire libre que habitualmente se utilizan para compartir la jornada, no est\u00e1n en condiciones para recibir a los miles de [&hellip;]<\/p>\n","protected":false},"author":4,"featured_media":66282,"comment_status":"open","ping_status":"closed","sticky":false,"template":"","format":"standard","meta":{"om_disable_all_campaigns":false,"_jetpack_memberships_contains_paid_content":false,"footnotes":""},"categories":[50,101,2],"tags":[],"class_list":["post-66281","post","type-post","status-publish","format-standard","has-post-thumbnail","hentry","category-destacadas","category-interes-general-locales","category-locales"],"aioseo_notices":[],"gutentor_comment":0,"jetpack_featured_media_url":"https:\/\/eldiariodesanpedro.com.ar\/sitio\/wp-content\/uploads\/2019\/12\/IMG-20191230-WA0000.jpg","jetpack_shortlink":"https:\/\/wp.me\/p6RhLt-hf3","jetpack_sharing_enabled":true,"_links":{"self":[{"href":"https:\/\/eldiariodesanpedro.com.ar\/sitio\/wp-json\/wp\/v2\/posts\/66281","targetHints":{"allow":["GET"]}}],"collection":[{"href":"https:\/\/eldiariodesanpedro.com.ar\/sitio\/wp-json\/wp\/v2\/posts"}],"about":[{"href":"https:\/\/eldiariodesanpedro.com.ar\/sitio\/wp-json\/wp\/v2\/types\/post"}],"author":[{"embeddable":true,"href":"https:\/\/eldiariodesanpedro.com.ar\/sitio\/wp-json\/wp\/v2\/users\/4"}],"replies":[{"embeddable":true,"href":"https:\/\/eldiariodesanpedro.com.ar\/sitio\/wp-json\/wp\/v2\/comments?post=66281"}],"version-history":[{"count":1,"href":"https:\/\/eldiariodesanpedro.com.ar\/sitio\/wp-json\/wp\/v2\/posts\/66281\/revisions"}],"predecessor-version":[{"id":66283,"href":"https:\/\/eldiariodesanpedro.com.ar\/sitio\/wp-json\/wp\/v2\/posts\/66281\/revisions\/66283"}],"wp:featuredmedia":[{"embeddable":true,"href":"https:\/\/eldiariodesanpedro.com.ar\/sitio\/wp-json\/wp\/v2\/media\/66282"}],"wp:attachment":[{"href":"https:\/\/eldiariodesanpedro.com.ar\/sitio\/wp-json\/wp\/v2\/media?parent=66281"}],"wp:term":[{"taxonomy":"category","embeddable":true,"href":"https:\/\/eldiariodesanpedro.com.ar\/sitio\/wp-json\/wp\/v2\/categories?post=66281"},{"taxonomy":"post_tag","embeddable":true,"href":"https:\/\/eldiariodesanpedro.com.ar\/sitio\/wp-json\/wp\/v2\/tags?post=66281"}],"curies":[{"name":"wp","href":"https:\/\/api.w.org\/{rel}","templated":true}]}}