{"id":6595,"date":"2016-07-31T20:17:57","date_gmt":"2016-07-31T23:17:57","guid":{"rendered":"https:\/\/eldiariodesanpedro.com.ar\/sitio\/?p=6595"},"modified":"2016-07-31T20:17:57","modified_gmt":"2016-07-31T23:17:57","slug":"alcoholemia-positiva-aprehenden-a-un-hombre-por-provocar-disturbios","status":"publish","type":"post","link":"https:\/\/eldiariodesanpedro.com.ar\/sitio\/alcoholemia-positiva-aprehenden-a-un-hombre-por-provocar-disturbios\/","title":{"rendered":"Alcoholemia positiva: aprehenden a un hombre por provocar disturbios"},"content":{"rendered":"<p><!-- VideographyWP Plugin Message: Automatic video embedding prevented by plugin options. --><br \/>\nPersonal del Grupo GAD detuvo en la madrugada de este s\u00e1bado a un hombre que se hallaba ocasionado disturbios en la v\u00eda p\u00fablica luego de que se constatara que manejaba alcoholizado. Por ello, se le otorg\u00f3 una infracci\u00f3n de tr\u00e1nsito.<br \/>\nPosteriormente en la sede policial, fue detenido un familiar del mismo sujeto, quien increp\u00f3 a efectivos policiales tras lo sucedido con su pariente.<br \/>\nSe cumplimentan actuaciones contravencionales con intervenci\u00f3n del Juzgado de Paz San Pedro. <\/p>\n","protected":false},"excerpt":{"rendered":"<p>Personal del Grupo GAD detuvo en la madrugada de este s\u00e1bado a un hombre que se hallaba ocasionado disturbios en la v\u00eda p\u00fablica luego de que se constatara que manejaba alcoholizado. Por ello, se le otorg\u00f3 una infracci\u00f3n de tr\u00e1nsito. Posteriormente en la sede policial, fue detenido un familiar del mismo sujeto, quien increp\u00f3 a [&hellip;]<\/p>\n","protected":false},"author":4,"featured_media":6596,"comment_status":"open","ping_status":"closed","sticky":false,"template":"","format":"standard","meta":{"om_disable_all_campaigns":false,"_jetpack_memberships_contains_paid_content":false,"footnotes":""},"categories":[2,103],"tags":[],"class_list":["post-6595","post","type-post","status-publish","format-standard","has-post-thumbnail","hentry","category-locales","category-policiales-locales"],"aioseo_notices":[],"gutentor_comment":0,"jetpack_featured_media_url":"https:\/\/eldiariodesanpedro.com.ar\/sitio\/wp-content\/uploads\/2016\/07\/alcohol.jpg","jetpack_shortlink":"https:\/\/wp.me\/p6RhLt-1In","jetpack_sharing_enabled":true,"_links":{"self":[{"href":"https:\/\/eldiariodesanpedro.com.ar\/sitio\/wp-json\/wp\/v2\/posts\/6595","targetHints":{"allow":["GET"]}}],"collection":[{"href":"https:\/\/eldiariodesanpedro.com.ar\/sitio\/wp-json\/wp\/v2\/posts"}],"about":[{"href":"https:\/\/eldiariodesanpedro.com.ar\/sitio\/wp-json\/wp\/v2\/types\/post"}],"author":[{"embeddable":true,"href":"https:\/\/eldiariodesanpedro.com.ar\/sitio\/wp-json\/wp\/v2\/users\/4"}],"replies":[{"embeddable":true,"href":"https:\/\/eldiariodesanpedro.com.ar\/sitio\/wp-json\/wp\/v2\/comments?post=6595"}],"version-history":[{"count":1,"href":"https:\/\/eldiariodesanpedro.com.ar\/sitio\/wp-json\/wp\/v2\/posts\/6595\/revisions"}],"predecessor-version":[{"id":6597,"href":"https:\/\/eldiariodesanpedro.com.ar\/sitio\/wp-json\/wp\/v2\/posts\/6595\/revisions\/6597"}],"wp:featuredmedia":[{"embeddable":true,"href":"https:\/\/eldiariodesanpedro.com.ar\/sitio\/wp-json\/wp\/v2\/media\/6596"}],"wp:attachment":[{"href":"https:\/\/eldiariodesanpedro.com.ar\/sitio\/wp-json\/wp\/v2\/media?parent=6595"}],"wp:term":[{"taxonomy":"category","embeddable":true,"href":"https:\/\/eldiariodesanpedro.com.ar\/sitio\/wp-json\/wp\/v2\/categories?post=6595"},{"taxonomy":"post_tag","embeddable":true,"href":"https:\/\/eldiariodesanpedro.com.ar\/sitio\/wp-json\/wp\/v2\/tags?post=6595"}],"curies":[{"name":"wp","href":"https:\/\/api.w.org\/{rel}","templated":true}]}}