{"id":6593,"date":"2016-07-31T20:11:12","date_gmt":"2016-07-31T23:11:12","guid":{"rendered":"https:\/\/eldiariodesanpedro.com.ar\/sitio\/?p=6593"},"modified":"2016-07-31T20:35:40","modified_gmt":"2016-07-31T23:35:40","slug":"una-mujer-perdio-el-control-de-su-auto-en-la-ruta-191","status":"publish","type":"post","link":"https:\/\/eldiariodesanpedro.com.ar\/sitio\/una-mujer-perdio-el-control-de-su-auto-en-la-ruta-191\/","title":{"rendered":"Una mujer perdi\u00f3 el control de su auto en la ruta 191"},"content":{"rendered":"<p><!-- VideographyWP Plugin Message: Automatic video embedding prevented by plugin options. --><br \/>\nEl incidente automovil\u00edstico ocurri\u00f3 el s\u00e1bado por la ma\u00f1ana en el km 4,5 de la ruta 191. El rodado marca Volkswagen Gol, que se dirig\u00eda en direcci\u00f3n hacia la ruta nacional N\u00ba 9, tras \u201cmorder\u201d la banquina se despist\u00f3, cruz\u00f3 de carril e impact\u00f3 con una alcantarilla.<br \/>\nComo consecuencia de ello, la conductora, una mujer de 69 a\u00f1os, result\u00f3 lesionada con traumatismos en su brazo derecho. Fue derivada por el Servicio de Emergencias 107 al nosocomio local con fines asistenciales y dada de alta posteriormente. Las lesiones que sufri\u00f3 son de car\u00e1cter leve.<\/p>\n","protected":false},"excerpt":{"rendered":"<p>El incidente automovil\u00edstico ocurri\u00f3 el s\u00e1bado por la ma\u00f1ana en el km 4,5 de la ruta 191. El rodado marca Volkswagen Gol, que se dirig\u00eda en direcci\u00f3n hacia la ruta nacional N\u00ba 9, tras \u201cmorder\u201d la banquina se despist\u00f3, cruz\u00f3 de carril e impact\u00f3 con una alcantarilla. Como consecuencia de ello, la conductora, una mujer [&hellip;]<\/p>\n","protected":false},"author":4,"featured_media":2624,"comment_status":"open","ping_status":"closed","sticky":false,"template":"","format":"standard","meta":{"om_disable_all_campaigns":false,"_jetpack_memberships_contains_paid_content":false,"footnotes":""},"categories":[50,2,103],"tags":[],"class_list":["post-6593","post","type-post","status-publish","format-standard","has-post-thumbnail","hentry","category-destacadas","category-locales","category-policiales-locales"],"aioseo_notices":[],"gutentor_comment":0,"jetpack_featured_media_url":"https:\/\/eldiariodesanpedro.com.ar\/sitio\/wp-content\/uploads\/2016\/04\/guardia.jpg","jetpack_shortlink":"https:\/\/wp.me\/p6RhLt-1Il","jetpack_sharing_enabled":true,"_links":{"self":[{"href":"https:\/\/eldiariodesanpedro.com.ar\/sitio\/wp-json\/wp\/v2\/posts\/6593","targetHints":{"allow":["GET"]}}],"collection":[{"href":"https:\/\/eldiariodesanpedro.com.ar\/sitio\/wp-json\/wp\/v2\/posts"}],"about":[{"href":"https:\/\/eldiariodesanpedro.com.ar\/sitio\/wp-json\/wp\/v2\/types\/post"}],"author":[{"embeddable":true,"href":"https:\/\/eldiariodesanpedro.com.ar\/sitio\/wp-json\/wp\/v2\/users\/4"}],"replies":[{"embeddable":true,"href":"https:\/\/eldiariodesanpedro.com.ar\/sitio\/wp-json\/wp\/v2\/comments?post=6593"}],"version-history":[{"count":1,"href":"https:\/\/eldiariodesanpedro.com.ar\/sitio\/wp-json\/wp\/v2\/posts\/6593\/revisions"}],"predecessor-version":[{"id":6594,"href":"https:\/\/eldiariodesanpedro.com.ar\/sitio\/wp-json\/wp\/v2\/posts\/6593\/revisions\/6594"}],"wp:featuredmedia":[{"embeddable":true,"href":"https:\/\/eldiariodesanpedro.com.ar\/sitio\/wp-json\/wp\/v2\/media\/2624"}],"wp:attachment":[{"href":"https:\/\/eldiariodesanpedro.com.ar\/sitio\/wp-json\/wp\/v2\/media?parent=6593"}],"wp:term":[{"taxonomy":"category","embeddable":true,"href":"https:\/\/eldiariodesanpedro.com.ar\/sitio\/wp-json\/wp\/v2\/categories?post=6593"},{"taxonomy":"post_tag","embeddable":true,"href":"https:\/\/eldiariodesanpedro.com.ar\/sitio\/wp-json\/wp\/v2\/tags?post=6593"}],"curies":[{"name":"wp","href":"https:\/\/api.w.org\/{rel}","templated":true}]}}