{"id":6590,"date":"2016-07-31T20:08:16","date_gmt":"2016-07-31T23:08:16","guid":{"rendered":"https:\/\/eldiariodesanpedro.com.ar\/sitio\/?p=6590"},"modified":"2016-07-31T20:08:16","modified_gmt":"2016-07-31T23:08:16","slug":"sin-la-presencia-de-la-uocra-el-sitraic-inauguro-su-local","status":"publish","type":"post","link":"https:\/\/eldiariodesanpedro.com.ar\/sitio\/sin-la-presencia-de-la-uocra-el-sitraic-inauguro-su-local\/","title":{"rendered":"Sin la presencia de la UOCRA, el SITRAIC inaugur\u00f3 su local"},"content":{"rendered":"<p><!-- VideographyWP Plugin Message: Automatic video embedding prevented by plugin options. --><br \/>\nEl viernes el titular de la UOCRA local, Horacio Azzoni, hab\u00eda manifestado que podr\u00edan llegar a participar del evento y, teniendo en cuenta las \u00faltimas situaciones ocurridas, no era un buen augurio. Sin embargo, el acto se desarroll\u00f3 en paz. Cont\u00f3 con la presencia del secretario general del gremio, V\u00edctor Grosi, de dirigentes locales como el titular del partido Obrero, Ademar Marbert, y tambi\u00e9n estuvieron presentes representantes de otros gremios de la vecina localidad de Baradero.<br \/>\n\u201cEstamos contentos de haber llegado hasta ac\u00e1, hace rato que venimos luchando por esto, por los derechos del trabajador que ac\u00e1 est\u00e1n bastante abandonados\u201d, asegur\u00f3 el delegado local Jes\u00fas Gonz\u00e1lez. Adem\u00e1s destac\u00f3 la presencia de los trabajadores del Hotel Azahar y manifest\u00f3: \u201cVamos a seguir trabajando por m\u00e1s que nos pongan palos en la rueda, nos da m\u00e1s fuerza para seguir trabajando, sino tienen que seguir dando golpes, vamos a poner la cara\u201d.<br \/>\nPor su parte, Grosi sostuvo: \u201cSiempre es una emoci\u00f3n muy grande inaugurar una casa obrera\u201d. \u201cEs la casa de todos los trabajadores, no solo los de la construcci\u00f3n, ac\u00e1 se tienen que reunir todos los compa\u00f1eros que luchan, que tienen que enfrentar patronales, al Estado, tienen que sentir que esta es su casa\u201d, se\u00f1al\u00f3.<br \/>\nAl tiempo, asegur\u00f3: \u201cEl SITRAIC nace y crece por la descomposici\u00f3n de la UOCRA, no porque somos maravillosos\u201d.<br \/>\nAsimismo, se refiri\u00f3 a la manifestaci\u00f3n de la UOCRA del viernes: \u201cLa patoteada que se produjo ayer, que entiendo que es un caso emblem\u00e1tico y que nosotros le vamos a dar mucha difusi\u00f3n porque eso que dijo ese personaje, eso es la UOCRA. Si alguien quiere ver qu\u00e9 es la UOCRA hay que hacerlo leer o escuchar a este personaje\u201d. <\/p>\n","protected":false},"excerpt":{"rendered":"<p>El viernes el titular de la UOCRA local, Horacio Azzoni, hab\u00eda manifestado que podr\u00edan llegar a participar del evento y, teniendo en cuenta las \u00faltimas situaciones ocurridas, no era un buen augurio. Sin embargo, el acto se desarroll\u00f3 en paz. Cont\u00f3 con la presencia del secretario general del gremio, V\u00edctor Grosi, de dirigentes locales como [&hellip;]<\/p>\n","protected":false},"author":4,"featured_media":6591,"comment_status":"open","ping_status":"closed","sticky":false,"template":"","format":"standard","meta":{"om_disable_all_campaigns":false,"_jetpack_memberships_contains_paid_content":false,"footnotes":""},"categories":[2,102],"tags":[],"class_list":["post-6590","post","type-post","status-publish","format-standard","has-post-thumbnail","hentry","category-locales","category-politica-locales"],"aioseo_notices":[],"gutentor_comment":0,"jetpack_featured_media_url":"https:\/\/eldiariodesanpedro.com.ar\/sitio\/wp-content\/uploads\/2016\/07\/PAGINA-5-15.jpg","jetpack_shortlink":"https:\/\/wp.me\/p6RhLt-1Ii","jetpack_sharing_enabled":true,"_links":{"self":[{"href":"https:\/\/eldiariodesanpedro.com.ar\/sitio\/wp-json\/wp\/v2\/posts\/6590","targetHints":{"allow":["GET"]}}],"collection":[{"href":"https:\/\/eldiariodesanpedro.com.ar\/sitio\/wp-json\/wp\/v2\/posts"}],"about":[{"href":"https:\/\/eldiariodesanpedro.com.ar\/sitio\/wp-json\/wp\/v2\/types\/post"}],"author":[{"embeddable":true,"href":"https:\/\/eldiariodesanpedro.com.ar\/sitio\/wp-json\/wp\/v2\/users\/4"}],"replies":[{"embeddable":true,"href":"https:\/\/eldiariodesanpedro.com.ar\/sitio\/wp-json\/wp\/v2\/comments?post=6590"}],"version-history":[{"count":1,"href":"https:\/\/eldiariodesanpedro.com.ar\/sitio\/wp-json\/wp\/v2\/posts\/6590\/revisions"}],"predecessor-version":[{"id":6592,"href":"https:\/\/eldiariodesanpedro.com.ar\/sitio\/wp-json\/wp\/v2\/posts\/6590\/revisions\/6592"}],"wp:featuredmedia":[{"embeddable":true,"href":"https:\/\/eldiariodesanpedro.com.ar\/sitio\/wp-json\/wp\/v2\/media\/6591"}],"wp:attachment":[{"href":"https:\/\/eldiariodesanpedro.com.ar\/sitio\/wp-json\/wp\/v2\/media?parent=6590"}],"wp:term":[{"taxonomy":"category","embeddable":true,"href":"https:\/\/eldiariodesanpedro.com.ar\/sitio\/wp-json\/wp\/v2\/categories?post=6590"},{"taxonomy":"post_tag","embeddable":true,"href":"https:\/\/eldiariodesanpedro.com.ar\/sitio\/wp-json\/wp\/v2\/tags?post=6590"}],"curies":[{"name":"wp","href":"https:\/\/api.w.org\/{rel}","templated":true}]}}