{"id":6585,"date":"2016-07-31T19:59:37","date_gmt":"2016-07-31T22:59:37","guid":{"rendered":"https:\/\/eldiariodesanpedro.com.ar\/sitio\/?p=6585"},"modified":"2016-07-31T20:02:39","modified_gmt":"2016-07-31T23:02:39","slug":"galgeros-haran-una-protesta-en-capital-federal","status":"publish","type":"post","link":"https:\/\/eldiariodesanpedro.com.ar\/sitio\/galgeros-haran-una-protesta-en-capital-federal\/","title":{"rendered":"Galgeros har\u00e1n una protesta en Capital Federal"},"content":{"rendered":"<p><!-- VideographyWP Plugin Message: Automatic video embedding prevented by plugin options. --><br \/>\nAnte denuncias de que el fin de semana pasado se estaba desarrollando una actividad ilegal en el predio que se encuentra en cercan\u00eda de la ruta 1001 y Crucero Gral. Belgrano, se pudo constatar que se llev\u00f3 a cabo un encuentro en donde se definieron medidas en contra de las prohibiciones de desarrollar la actividad. Sin embargo, seg\u00fan explic\u00f3 Eduardo Roleri, secretario de Seguridad, Tr\u00e1nsito y Nocturnidad, no se desarrollaron carreras.<br \/>\n\u201cEl d\u00eda domingo en las recorridas habituales nos avisaron que en un galg\u00f3metro de la intersecci\u00f3n de la 1001 y Crucero General Belgrano, hay una concentraci\u00f3n de personas. Fuimos hasta all\u00e1, yo estuve personalmente, estuvimos observando durante un buen rato cu\u00e1l era la actividad, no observamos ninguna actividad de carrera\u201d, dijo Roleri, secretario de Seguridad, Tr\u00e1nsito y Nocturnidad.<br \/>\nEn tanto que confirm\u00f3: \u201cHab\u00eda 200 personas con varios veh\u00edculos, estaba la gente reunida con su familia, hab\u00eda chicos jugando a la pelota, despu\u00e9s de un rato de mirar, que no estaban corriendo pedimos apoyo a la polic\u00eda local, fuimos, labramos un acta, para evitar cualquier malentendido dejamos una vigilancia hasta que a las seis de la tarde se retiraron todos\u201d.<br \/>\nAl tiempo, asever\u00f3: \u201cNos entrevistamos con la gente que estaba ah\u00ed, nos manifestaron que estaban reunidos para organizarse y en los pr\u00f3ximos d\u00edas ellos planean ir a hacer un reclamo a la Capital Federal, todos los galgueros de la Rep\u00fablica Argentina se van a concentrar para hacer un pedido\u201d.<\/p>\n","protected":false},"excerpt":{"rendered":"<p>Ante denuncias de que el fin de semana pasado se estaba desarrollando una actividad ilegal en el predio que se encuentra en cercan\u00eda de la ruta 1001 y Crucero Gral. Belgrano, se pudo constatar que se llev\u00f3 a cabo un encuentro en donde se definieron medidas en contra de las prohibiciones de desarrollar la actividad. [&hellip;]<\/p>\n","protected":false},"author":4,"featured_media":6589,"comment_status":"open","ping_status":"closed","sticky":false,"template":"","format":"standard","meta":{"om_disable_all_campaigns":false,"_jetpack_memberships_contains_paid_content":false,"footnotes":""},"categories":[50,101,2],"tags":[],"class_list":["post-6585","post","type-post","status-publish","format-standard","has-post-thumbnail","hentry","category-destacadas","category-interes-general-locales","category-locales"],"aioseo_notices":[],"gutentor_comment":0,"jetpack_featured_media_url":"https:\/\/eldiariodesanpedro.com.ar\/sitio\/wp-content\/uploads\/2016\/07\/galgos-1.jpg","jetpack_shortlink":"https:\/\/wp.me\/p6RhLt-1Id","jetpack_sharing_enabled":true,"_links":{"self":[{"href":"https:\/\/eldiariodesanpedro.com.ar\/sitio\/wp-json\/wp\/v2\/posts\/6585","targetHints":{"allow":["GET"]}}],"collection":[{"href":"https:\/\/eldiariodesanpedro.com.ar\/sitio\/wp-json\/wp\/v2\/posts"}],"about":[{"href":"https:\/\/eldiariodesanpedro.com.ar\/sitio\/wp-json\/wp\/v2\/types\/post"}],"author":[{"embeddable":true,"href":"https:\/\/eldiariodesanpedro.com.ar\/sitio\/wp-json\/wp\/v2\/users\/4"}],"replies":[{"embeddable":true,"href":"https:\/\/eldiariodesanpedro.com.ar\/sitio\/wp-json\/wp\/v2\/comments?post=6585"}],"version-history":[{"count":1,"href":"https:\/\/eldiariodesanpedro.com.ar\/sitio\/wp-json\/wp\/v2\/posts\/6585\/revisions"}],"predecessor-version":[{"id":6587,"href":"https:\/\/eldiariodesanpedro.com.ar\/sitio\/wp-json\/wp\/v2\/posts\/6585\/revisions\/6587"}],"wp:featuredmedia":[{"embeddable":true,"href":"https:\/\/eldiariodesanpedro.com.ar\/sitio\/wp-json\/wp\/v2\/media\/6589"}],"wp:attachment":[{"href":"https:\/\/eldiariodesanpedro.com.ar\/sitio\/wp-json\/wp\/v2\/media?parent=6585"}],"wp:term":[{"taxonomy":"category","embeddable":true,"href":"https:\/\/eldiariodesanpedro.com.ar\/sitio\/wp-json\/wp\/v2\/categories?post=6585"},{"taxonomy":"post_tag","embeddable":true,"href":"https:\/\/eldiariodesanpedro.com.ar\/sitio\/wp-json\/wp\/v2\/tags?post=6585"}],"curies":[{"name":"wp","href":"https:\/\/api.w.org\/{rel}","templated":true}]}}