{"id":6582,"date":"2016-07-31T19:57:44","date_gmt":"2016-07-31T22:57:44","guid":{"rendered":"https:\/\/eldiariodesanpedro.com.ar\/sitio\/?p=6582"},"modified":"2016-07-31T19:57:44","modified_gmt":"2016-07-31T22:57:44","slug":"avanza-la-obra-del-shock-room-de-la-guardia-del-hospital","status":"publish","type":"post","link":"https:\/\/eldiariodesanpedro.com.ar\/sitio\/avanza-la-obra-del-shock-room-de-la-guardia-del-hospital\/","title":{"rendered":"Avanza la obra del shock room de la guardia del Hospital"},"content":{"rendered":"<p><!-- VideographyWP Plugin Message: Automatic video embedding prevented by plugin options. --><br \/>\nLas obras est\u00e1n pr\u00e1cticamente finalizadas y se trata de una mejora importante para la atenci\u00f3n de pacientes traumatizados. Dicho espacio estar\u00e1 destinado a la atenci\u00f3n inicial de pacientes que arriban con cuadros de emergencia en los que corre riesgo su vida, motivo por el cual requieren de asistencia r\u00e1pida y efectiva a los fines de lograr estabilizarlos.<br \/>\nContar\u00e1 con todo el equipamiento y personal capacitado y entrenado (m\u00e9dico, enfermer\u00eda, personal auxiliar) para asistir en forma eficaz cualquier tipo de cuadros de emergencia (card\u00edaca, neurol\u00f3gica, accidentol\u00f3gica, respiratoria, etc.), en los primeros minutos de producida, instancia en la que se define la posibilidad de salvar una vida.<br \/>\n\u201cLa salud de cada uno de nosotros es lo m\u00e1s valioso que tenemos, y cuando asumimos la responsabilidad de llevar adelante este gobierno fue una de las prioridades para este equipo de trabajo, poder brindarle al vecino un hospital con todo lo que debe tener, falta muy poco para que el shock room est\u00e9 listo y operativo. Todos estamos trabajando para construir el San Pedro que nos merecemos\u201d, manifestaron desde el Municipio mediante un comunicado.<\/p>\n","protected":false},"excerpt":{"rendered":"<p>Las obras est\u00e1n pr\u00e1cticamente finalizadas y se trata de una mejora importante para la atenci\u00f3n de pacientes traumatizados. Dicho espacio estar\u00e1 destinado a la atenci\u00f3n inicial de pacientes que arriban con cuadros de emergencia en los que corre riesgo su vida, motivo por el cual requieren de asistencia r\u00e1pida y efectiva a los fines de [&hellip;]<\/p>\n","protected":false},"author":4,"featured_media":6583,"comment_status":"open","ping_status":"closed","sticky":false,"template":"","format":"standard","meta":{"om_disable_all_campaigns":false,"_jetpack_memberships_contains_paid_content":false,"footnotes":""},"categories":[50,101,2],"tags":[],"class_list":["post-6582","post","type-post","status-publish","format-standard","has-post-thumbnail","hentry","category-destacadas","category-interes-general-locales","category-locales"],"aioseo_notices":[],"gutentor_comment":0,"jetpack_featured_media_url":"https:\/\/eldiariodesanpedro.com.ar\/sitio\/wp-content\/uploads\/2016\/07\/shok-room.jpg","jetpack_shortlink":"https:\/\/wp.me\/p6RhLt-1Ia","jetpack_sharing_enabled":true,"_links":{"self":[{"href":"https:\/\/eldiariodesanpedro.com.ar\/sitio\/wp-json\/wp\/v2\/posts\/6582","targetHints":{"allow":["GET"]}}],"collection":[{"href":"https:\/\/eldiariodesanpedro.com.ar\/sitio\/wp-json\/wp\/v2\/posts"}],"about":[{"href":"https:\/\/eldiariodesanpedro.com.ar\/sitio\/wp-json\/wp\/v2\/types\/post"}],"author":[{"embeddable":true,"href":"https:\/\/eldiariodesanpedro.com.ar\/sitio\/wp-json\/wp\/v2\/users\/4"}],"replies":[{"embeddable":true,"href":"https:\/\/eldiariodesanpedro.com.ar\/sitio\/wp-json\/wp\/v2\/comments?post=6582"}],"version-history":[{"count":1,"href":"https:\/\/eldiariodesanpedro.com.ar\/sitio\/wp-json\/wp\/v2\/posts\/6582\/revisions"}],"predecessor-version":[{"id":6584,"href":"https:\/\/eldiariodesanpedro.com.ar\/sitio\/wp-json\/wp\/v2\/posts\/6582\/revisions\/6584"}],"wp:featuredmedia":[{"embeddable":true,"href":"https:\/\/eldiariodesanpedro.com.ar\/sitio\/wp-json\/wp\/v2\/media\/6583"}],"wp:attachment":[{"href":"https:\/\/eldiariodesanpedro.com.ar\/sitio\/wp-json\/wp\/v2\/media?parent=6582"}],"wp:term":[{"taxonomy":"category","embeddable":true,"href":"https:\/\/eldiariodesanpedro.com.ar\/sitio\/wp-json\/wp\/v2\/categories?post=6582"},{"taxonomy":"post_tag","embeddable":true,"href":"https:\/\/eldiariodesanpedro.com.ar\/sitio\/wp-json\/wp\/v2\/tags?post=6582"}],"curies":[{"name":"wp","href":"https:\/\/api.w.org\/{rel}","templated":true}]}}