{"id":6579,"date":"2016-07-31T19:53:03","date_gmt":"2016-07-31T22:53:03","guid":{"rendered":"https:\/\/eldiariodesanpedro.com.ar\/sitio\/?p=6579"},"modified":"2016-07-31T19:53:03","modified_gmt":"2016-07-31T22:53:03","slug":"heladas-comienza-un-nuevo-servicio","status":"publish","type":"post","link":"https:\/\/eldiariodesanpedro.com.ar\/sitio\/heladas-comienza-un-nuevo-servicio\/","title":{"rendered":"Heladas: comienza un nuevo servicio"},"content":{"rendered":"<p><!-- VideographyWP Plugin Message: Automatic video embedding prevented by plugin options. --><br \/>\nEs gratuito y est\u00e1 orientado a productores de durazno y ar\u00e1ndano en los partidos de San Nicol\u00e1s, Ramallo, San Pedro, Baradero y Z\u00e1rate. Inicia el 1\u00b0 de agosto e incluye WhatsApp, mensajes de texto y Twitter, adem\u00e1s de otros medios como la web, Facebook y algunas radios que acompa\u00f1an desde 1998.<br \/>\nUnos cien productores se inscribieron para recibir la informaci\u00f3n que INTA San Pedro brinda las noches en que hay probabilidad de ocurrencia de heladas. \u201cA la salida del reposo invernal, las plantas de duraznero y ar\u00e1ndanos se tornan susceptibles de ser afectados por las heladas tard\u00edas que se producen en la zona. Dicha sensibilidad se acrecienta conforme avanza el estado fenol\u00f3gico de estos frutales, hasta alcanzar el punto cr\u00edtico de fruto reci\u00e9n cuajado\u201d, explica Carlos Zanek, responsable del \u00e1rea de Agrometeorolog\u00eda de INTA San Pedro.<br \/>\nPara evitar sus efectos negativos, los productores utilizan distintos m\u00e9todos de defensa y, para que estos sean m\u00e1s eficientes, el servicio de INTA acompa\u00f1a en las noches que pueden suceder heladas, aportando datos inherentes a estas adversidades clim\u00e1ticas. Como el a\u00f1o pasado, la difusi\u00f3n se realizar\u00e1 a trav\u00e9s de WhatsApp, mensajes de texto, y tambi\u00e9n podr\u00e1 seguirse en Twitter. De esta manera, los productores pueden comparar los datos de INTA con los de su campo y tomar la decisi\u00f3n de implementar el mecanismo de control. El servicio cubre solamente el territorio que ocupan los partidos de San Nicol\u00e1s, Ramallo, San Pedro, Baradero y Z\u00e1rate, en la provincia de Buenos Aires.<\/p>\n<p>\u00bfC\u00f3mo funciona el servicio?<\/p>\n<p>El servicio de alarma para el control de heladas es gratuito, y se realiza en los meses de agosto y septiembre, solo los d\u00edas que exista probabilidad de ocurrencia de helada. A las 19.00 se env\u00eda un mensaje a los usuarios advirtiendo sobre la realizaci\u00f3n del mismo. Luego, uno por hora desde las 21.00, incluyendo la temperatura a 1.50 m de altura sin abrigo (en intemperie), la humedad relativa y la velocidad y direcci\u00f3n del viento. Finaliza cuando las condiciones indican que no se producir\u00e1 helada o cuando el evento se est\u00e1 produciendo y quienes tienen variedades susceptibles deben poner en marcha el m\u00e9todo de control.<br \/>\nLa informaci\u00f3n se transmite por SMS, Whatsapp e emails a los usuarios registrados, pero tambi\u00e9n puede seguirse a trav\u00e9s de Twitter en @IntaHeladas y a trav\u00e9s de la web mientras el servicio se va realizando. Adem\u00e1s, para quienes tengan email, se enviar\u00e1 un correo electr\u00f3nico final con un informe de fin de servicio.<br \/>\nEs importante destacar que los datos registrados en la EEA INTA San Pedro pertenecen exclusivamente al lugar desde donde se toman, y que cada productor realiza las mediciones en su campo con un term\u00f3metro propio, lo cual determina la decisi\u00f3n de controlar la helada en cada monte. \u201cEn este sentido, los informes de INTA constituyen un buen par\u00e1metro de comparaci\u00f3n que permite conocer c\u00f3mo se est\u00e1 presentando el fen\u00f3meno\u201d.<\/p>\n<p>En las radios<\/p>\n<p>Si bien el servicio comenz\u00f3 con las radios como contacto directo con los productores a trav\u00e9s de la comunicaci\u00f3n entre el INTA y el medio, estas contin\u00faan siendo parte del servicio advirtiendo la noche en que hay vigilia; la ma\u00f1ana siguiente cuentan con una s\u00edntesis de lo que pas\u00f3 en la voz de un profesional de INTA que est\u00e1 disponible para brindar la informaci\u00f3n. En San Pedro: FM Gen\u00e9sis (106.7), APA San Pedro (91.5), La Radio (92.3), FM La correntada (92.7); y en Baradero LS2 (96.9) y Radio Municipal (87.9) nos acompa\u00f1an en esta nueva edici\u00f3n del Servicio de Alarma para el Control de Heladas.<\/p>\n<p>C\u00f3mo inscribirse<\/p>\n<p>Los productores interesados en recibir los datos del servicio de alarma para el control de heladas deben enviar un mensaje al +54 11-6099-4541 (incorpor\u00e1ndolo como contacto de WhatsApp) o enviando un mail a eeasanpedro.clima@inta.gob.ar<\/p>\n","protected":false},"excerpt":{"rendered":"<p>Es gratuito y est\u00e1 orientado a productores de durazno y ar\u00e1ndano en los partidos de San Nicol\u00e1s, Ramallo, San Pedro, Baradero y Z\u00e1rate. Inicia el 1\u00b0 de agosto e incluye WhatsApp, mensajes de texto y Twitter, adem\u00e1s de otros medios como la web, Facebook y algunas radios que acompa\u00f1an desde 1998. Unos cien productores se [&hellip;]<\/p>\n","protected":false},"author":4,"featured_media":6580,"comment_status":"open","ping_status":"closed","sticky":false,"template":"","format":"standard","meta":{"om_disable_all_campaigns":false,"_jetpack_memberships_contains_paid_content":false,"footnotes":""},"categories":[50,101,2],"tags":[],"class_list":["post-6579","post","type-post","status-publish","format-standard","has-post-thumbnail","hentry","category-destacadas","category-interes-general-locales","category-locales"],"aioseo_notices":[],"gutentor_comment":0,"jetpack_featured_media_url":"https:\/\/eldiariodesanpedro.com.ar\/sitio\/wp-content\/uploads\/2016\/07\/PAGINA-4-18.jpg","jetpack_shortlink":"https:\/\/wp.me\/p6RhLt-1I7","jetpack_sharing_enabled":true,"_links":{"self":[{"href":"https:\/\/eldiariodesanpedro.com.ar\/sitio\/wp-json\/wp\/v2\/posts\/6579","targetHints":{"allow":["GET"]}}],"collection":[{"href":"https:\/\/eldiariodesanpedro.com.ar\/sitio\/wp-json\/wp\/v2\/posts"}],"about":[{"href":"https:\/\/eldiariodesanpedro.com.ar\/sitio\/wp-json\/wp\/v2\/types\/post"}],"author":[{"embeddable":true,"href":"https:\/\/eldiariodesanpedro.com.ar\/sitio\/wp-json\/wp\/v2\/users\/4"}],"replies":[{"embeddable":true,"href":"https:\/\/eldiariodesanpedro.com.ar\/sitio\/wp-json\/wp\/v2\/comments?post=6579"}],"version-history":[{"count":1,"href":"https:\/\/eldiariodesanpedro.com.ar\/sitio\/wp-json\/wp\/v2\/posts\/6579\/revisions"}],"predecessor-version":[{"id":6581,"href":"https:\/\/eldiariodesanpedro.com.ar\/sitio\/wp-json\/wp\/v2\/posts\/6579\/revisions\/6581"}],"wp:featuredmedia":[{"embeddable":true,"href":"https:\/\/eldiariodesanpedro.com.ar\/sitio\/wp-json\/wp\/v2\/media\/6580"}],"wp:attachment":[{"href":"https:\/\/eldiariodesanpedro.com.ar\/sitio\/wp-json\/wp\/v2\/media?parent=6579"}],"wp:term":[{"taxonomy":"category","embeddable":true,"href":"https:\/\/eldiariodesanpedro.com.ar\/sitio\/wp-json\/wp\/v2\/categories?post=6579"},{"taxonomy":"post_tag","embeddable":true,"href":"https:\/\/eldiariodesanpedro.com.ar\/sitio\/wp-json\/wp\/v2\/tags?post=6579"}],"curies":[{"name":"wp","href":"https:\/\/api.w.org\/{rel}","templated":true}]}}