{"id":6573,"date":"2016-07-31T19:17:58","date_gmt":"2016-07-31T22:17:58","guid":{"rendered":"https:\/\/eldiariodesanpedro.com.ar\/sitio\/?p=6573"},"modified":"2016-07-31T19:17:58","modified_gmt":"2016-07-31T22:17:58","slug":"demarcan-calles-en-la-zona-centrica","status":"publish","type":"post","link":"https:\/\/eldiariodesanpedro.com.ar\/sitio\/demarcan-calles-en-la-zona-centrica\/","title":{"rendered":"Demarcan calles en la zona c\u00e9ntrica"},"content":{"rendered":"<p><!-- VideographyWP Plugin Message: Automatic video embedding prevented by plugin options. --><br \/>\nDesde el pasado jueves, se puso en marcha la demarcaci\u00f3n de la zona de estacionamiento medido en la zona c\u00e9ntrica. Esta es la etapa previa para poner en funcionamiento el SEM y as\u00ed poder ordenar el tr\u00e1nsito en la ciudad. \u00abSan Pedro est\u00e1 cambiando, seguimos construyendo futuro\u00bb, manifestaron desde la Municipalidad de San Pedro en torno a ello.<br \/>\nLo cierto es que en los pr\u00f3ximos d\u00edas continuar\u00e1n las tareas en el radio c\u00e9ntrico para delimitar los lugares donde podr\u00e1n estacionar los rodados.<\/p>\n","protected":false},"excerpt":{"rendered":"<p>Desde el pasado jueves, se puso en marcha la demarcaci\u00f3n de la zona de estacionamiento medido en la zona c\u00e9ntrica. Esta es la etapa previa para poner en funcionamiento el SEM y as\u00ed poder ordenar el tr\u00e1nsito en la ciudad. \u00abSan Pedro est\u00e1 cambiando, seguimos construyendo futuro\u00bb, manifestaron desde la Municipalidad de San Pedro en [&hellip;]<\/p>\n","protected":false},"author":4,"featured_media":6574,"comment_status":"open","ping_status":"closed","sticky":false,"template":"","format":"standard","meta":{"om_disable_all_campaigns":false,"_jetpack_memberships_contains_paid_content":false,"footnotes":""},"categories":[101,2],"tags":[],"class_list":["post-6573","post","type-post","status-publish","format-standard","has-post-thumbnail","hentry","category-interes-general-locales","category-locales"],"aioseo_notices":[],"gutentor_comment":0,"jetpack_featured_media_url":"https:\/\/eldiariodesanpedro.com.ar\/sitio\/wp-content\/uploads\/2016\/07\/PAGINA-6-12.jpg","jetpack_shortlink":"https:\/\/wp.me\/p6RhLt-1I1","jetpack_sharing_enabled":true,"_links":{"self":[{"href":"https:\/\/eldiariodesanpedro.com.ar\/sitio\/wp-json\/wp\/v2\/posts\/6573","targetHints":{"allow":["GET"]}}],"collection":[{"href":"https:\/\/eldiariodesanpedro.com.ar\/sitio\/wp-json\/wp\/v2\/posts"}],"about":[{"href":"https:\/\/eldiariodesanpedro.com.ar\/sitio\/wp-json\/wp\/v2\/types\/post"}],"author":[{"embeddable":true,"href":"https:\/\/eldiariodesanpedro.com.ar\/sitio\/wp-json\/wp\/v2\/users\/4"}],"replies":[{"embeddable":true,"href":"https:\/\/eldiariodesanpedro.com.ar\/sitio\/wp-json\/wp\/v2\/comments?post=6573"}],"version-history":[{"count":1,"href":"https:\/\/eldiariodesanpedro.com.ar\/sitio\/wp-json\/wp\/v2\/posts\/6573\/revisions"}],"predecessor-version":[{"id":6575,"href":"https:\/\/eldiariodesanpedro.com.ar\/sitio\/wp-json\/wp\/v2\/posts\/6573\/revisions\/6575"}],"wp:featuredmedia":[{"embeddable":true,"href":"https:\/\/eldiariodesanpedro.com.ar\/sitio\/wp-json\/wp\/v2\/media\/6574"}],"wp:attachment":[{"href":"https:\/\/eldiariodesanpedro.com.ar\/sitio\/wp-json\/wp\/v2\/media?parent=6573"}],"wp:term":[{"taxonomy":"category","embeddable":true,"href":"https:\/\/eldiariodesanpedro.com.ar\/sitio\/wp-json\/wp\/v2\/categories?post=6573"},{"taxonomy":"post_tag","embeddable":true,"href":"https:\/\/eldiariodesanpedro.com.ar\/sitio\/wp-json\/wp\/v2\/tags?post=6573"}],"curies":[{"name":"wp","href":"https:\/\/api.w.org\/{rel}","templated":true}]}}