{"id":6571,"date":"2016-07-29T19:28:25","date_gmt":"2016-07-29T22:28:25","guid":{"rendered":"https:\/\/eldiariodesanpedro.com.ar\/sitio\/?p=6571"},"modified":"2016-07-29T19:28:25","modified_gmt":"2016-07-29T22:28:25","slug":"dos-accidentes-menores-el-jueves","status":"publish","type":"post","link":"https:\/\/eldiariodesanpedro.com.ar\/sitio\/dos-accidentes-menores-el-jueves\/","title":{"rendered":"Dos accidentes menores el jueves"},"content":{"rendered":"<p><!-- VideographyWP Plugin Message: Automatic video embedding prevented by plugin options. --><br \/>\nEn la jornada del jueves se produjeron dos accidentes de tr\u00e1nsito: uno en calle 25 de Mayo y Riobamba, y el otro en calle Oliveira C\u00e9sar y avenida Sarmiento.<br \/>\nEn ambos, los veh\u00edculos intervinientes fueron un autom\u00f3vil y una motocicleta. Sin embargo, en ninguno fue requerida la intervenci\u00f3n policial o del Servicio de Emergencias 107, dado que no hubo personas heridas.<\/p>\n","protected":false},"excerpt":{"rendered":"<p>En la jornada del jueves se produjeron dos accidentes de tr\u00e1nsito: uno en calle 25 de Mayo y Riobamba, y el otro en calle Oliveira C\u00e9sar y avenida Sarmiento. En ambos, los veh\u00edculos intervinientes fueron un autom\u00f3vil y una motocicleta. Sin embargo, en ninguno fue requerida la intervenci\u00f3n policial o del Servicio de Emergencias 107, [&hellip;]<\/p>\n","protected":false},"author":4,"featured_media":6031,"comment_status":"open","ping_status":"closed","sticky":false,"template":"","format":"standard","meta":{"om_disable_all_campaigns":false,"_jetpack_memberships_contains_paid_content":false,"footnotes":""},"categories":[2,103],"tags":[],"class_list":["post-6571","post","type-post","status-publish","format-standard","has-post-thumbnail","hentry","category-locales","category-policiales-locales"],"aioseo_notices":[],"gutentor_comment":0,"jetpack_featured_media_url":"https:\/\/eldiariodesanpedro.com.ar\/sitio\/wp-content\/uploads\/2016\/07\/moto.jpg","jetpack_shortlink":"https:\/\/wp.me\/p6RhLt-1HZ","jetpack_sharing_enabled":true,"_links":{"self":[{"href":"https:\/\/eldiariodesanpedro.com.ar\/sitio\/wp-json\/wp\/v2\/posts\/6571","targetHints":{"allow":["GET"]}}],"collection":[{"href":"https:\/\/eldiariodesanpedro.com.ar\/sitio\/wp-json\/wp\/v2\/posts"}],"about":[{"href":"https:\/\/eldiariodesanpedro.com.ar\/sitio\/wp-json\/wp\/v2\/types\/post"}],"author":[{"embeddable":true,"href":"https:\/\/eldiariodesanpedro.com.ar\/sitio\/wp-json\/wp\/v2\/users\/4"}],"replies":[{"embeddable":true,"href":"https:\/\/eldiariodesanpedro.com.ar\/sitio\/wp-json\/wp\/v2\/comments?post=6571"}],"version-history":[{"count":1,"href":"https:\/\/eldiariodesanpedro.com.ar\/sitio\/wp-json\/wp\/v2\/posts\/6571\/revisions"}],"predecessor-version":[{"id":6572,"href":"https:\/\/eldiariodesanpedro.com.ar\/sitio\/wp-json\/wp\/v2\/posts\/6571\/revisions\/6572"}],"wp:featuredmedia":[{"embeddable":true,"href":"https:\/\/eldiariodesanpedro.com.ar\/sitio\/wp-json\/wp\/v2\/media\/6031"}],"wp:attachment":[{"href":"https:\/\/eldiariodesanpedro.com.ar\/sitio\/wp-json\/wp\/v2\/media?parent=6571"}],"wp:term":[{"taxonomy":"category","embeddable":true,"href":"https:\/\/eldiariodesanpedro.com.ar\/sitio\/wp-json\/wp\/v2\/categories?post=6571"},{"taxonomy":"post_tag","embeddable":true,"href":"https:\/\/eldiariodesanpedro.com.ar\/sitio\/wp-json\/wp\/v2\/tags?post=6571"}],"curies":[{"name":"wp","href":"https:\/\/api.w.org\/{rel}","templated":true}]}}