{"id":6569,"date":"2016-07-29T19:26:01","date_gmt":"2016-07-29T22:26:01","guid":{"rendered":"https:\/\/eldiariodesanpedro.com.ar\/sitio\/?p=6569"},"modified":"2016-07-29T19:26:01","modified_gmt":"2016-07-29T22:26:01","slug":"la-policia-detuvo-a-un-conductor-borracho","status":"publish","type":"post","link":"https:\/\/eldiariodesanpedro.com.ar\/sitio\/la-policia-detuvo-a-un-conductor-borracho\/","title":{"rendered":"La polic\u00eda detuvo a un conductor borracho"},"content":{"rendered":"<p><!-- VideographyWP Plugin Message: Automatic video embedding prevented by plugin options. --><br \/>\nOcurri\u00f3 el jueves a las 20.00 horas. Inspectores pertenecientes a la Direcci\u00f3n de Tr\u00e1nsito y Nocturnidad le secuestraron el ciclomotor a un hombre que manejaba en estado de ebriedad. Tras el procedimiento, comenz\u00f3 a insultar a los efectivos policiales \u201chaciendo ademanes, gritando y alterando el orden p\u00fablico sin acatar ning\u00fan pedido a que se tranquilice\u201d, seg\u00fan expresa el parte policial.<br \/>\nSe labraron actuaciones por Infracci\u00f3n a los art\u00edculos 72 y 74 de la ley 8031\/73 con intervenci\u00f3n del Juzgado de Paz.<\/p>\n","protected":false},"excerpt":{"rendered":"<p>Ocurri\u00f3 el jueves a las 20.00 horas. Inspectores pertenecientes a la Direcci\u00f3n de Tr\u00e1nsito y Nocturnidad le secuestraron el ciclomotor a un hombre que manejaba en estado de ebriedad. Tras el procedimiento, comenz\u00f3 a insultar a los efectivos policiales \u201chaciendo ademanes, gritando y alterando el orden p\u00fablico sin acatar ning\u00fan pedido a que se tranquilice\u201d, [&hellip;]<\/p>\n","protected":false},"author":4,"featured_media":4366,"comment_status":"open","ping_status":"closed","sticky":false,"template":"","format":"standard","meta":{"om_disable_all_campaigns":false,"_jetpack_memberships_contains_paid_content":false,"footnotes":""},"categories":[2,103],"tags":[],"class_list":["post-6569","post","type-post","status-publish","format-standard","has-post-thumbnail","hentry","category-locales","category-policiales-locales"],"aioseo_notices":[],"gutentor_comment":0,"jetpack_featured_media_url":"https:\/\/eldiariodesanpedro.com.ar\/sitio\/wp-content\/uploads\/2016\/05\/Policia.jpg","jetpack_shortlink":"https:\/\/wp.me\/p6RhLt-1HX","jetpack_sharing_enabled":true,"_links":{"self":[{"href":"https:\/\/eldiariodesanpedro.com.ar\/sitio\/wp-json\/wp\/v2\/posts\/6569","targetHints":{"allow":["GET"]}}],"collection":[{"href":"https:\/\/eldiariodesanpedro.com.ar\/sitio\/wp-json\/wp\/v2\/posts"}],"about":[{"href":"https:\/\/eldiariodesanpedro.com.ar\/sitio\/wp-json\/wp\/v2\/types\/post"}],"author":[{"embeddable":true,"href":"https:\/\/eldiariodesanpedro.com.ar\/sitio\/wp-json\/wp\/v2\/users\/4"}],"replies":[{"embeddable":true,"href":"https:\/\/eldiariodesanpedro.com.ar\/sitio\/wp-json\/wp\/v2\/comments?post=6569"}],"version-history":[{"count":1,"href":"https:\/\/eldiariodesanpedro.com.ar\/sitio\/wp-json\/wp\/v2\/posts\/6569\/revisions"}],"predecessor-version":[{"id":6570,"href":"https:\/\/eldiariodesanpedro.com.ar\/sitio\/wp-json\/wp\/v2\/posts\/6569\/revisions\/6570"}],"wp:featuredmedia":[{"embeddable":true,"href":"https:\/\/eldiariodesanpedro.com.ar\/sitio\/wp-json\/wp\/v2\/media\/4366"}],"wp:attachment":[{"href":"https:\/\/eldiariodesanpedro.com.ar\/sitio\/wp-json\/wp\/v2\/media?parent=6569"}],"wp:term":[{"taxonomy":"category","embeddable":true,"href":"https:\/\/eldiariodesanpedro.com.ar\/sitio\/wp-json\/wp\/v2\/categories?post=6569"},{"taxonomy":"post_tag","embeddable":true,"href":"https:\/\/eldiariodesanpedro.com.ar\/sitio\/wp-json\/wp\/v2\/tags?post=6569"}],"curies":[{"name":"wp","href":"https:\/\/api.w.org\/{rel}","templated":true}]}}