{"id":6567,"date":"2016-07-29T19:22:02","date_gmt":"2016-07-29T22:22:02","guid":{"rendered":"https:\/\/eldiariodesanpedro.com.ar\/sitio\/?p=6567"},"modified":"2016-07-29T19:22:02","modified_gmt":"2016-07-29T22:22:02","slug":"el-intendente-salazar-firmo-un-convenio-para-la-adquisicion-de-equipos-informaticos","status":"publish","type":"post","link":"https:\/\/eldiariodesanpedro.com.ar\/sitio\/el-intendente-salazar-firmo-un-convenio-para-la-adquisicion-de-equipos-informaticos\/","title":{"rendered":"El intendente Salazar firm\u00f3 un convenio para la adquisici\u00f3n de equipos inform\u00e1ticos"},"content":{"rendered":"<p><!-- VideographyWP Plugin Message: Automatic video embedding prevented by plugin options. --><br \/>\nFue realizado en conjunto con la Secretar\u00eda de Asuntos Municipales del Ministerio del Interior para la compra de equipamiento por $322.000, que \u201char\u00e1n posible atender mejor al vecino\u201d, seg\u00fan explicaron desde el Municipio. Se comprar\u00e1n, con esta suma adquirida, computadoras, impresoras, entre otros elementos.<br \/>\n\u201cEste convenio promueve la modernizaci\u00f3n del Estado como base fundamental para poder brindarle servicios de calidad al ciudadano\u201d, afirmaron a su vez.<br \/>\nEstuvieron presentes en la firma Aida Ayala, secretaria de Asuntos Municipales de la Naci\u00f3n, Lucas Delfino, subsecretario de Pol\u00edticas Municipales de Naci\u00f3n y cuatro intendentes: Mariano Barroso, de 9 de julio, Jorge Fern\u00e1ndez, de Lincoln, Erika Revilla, de Gral. Arenales y Cecilio Salazar, de nuestra ciudad.<\/p>\n","protected":false},"excerpt":{"rendered":"<p>Fue realizado en conjunto con la Secretar\u00eda de Asuntos Municipales del Ministerio del Interior para la compra de equipamiento por $322.000, que \u201char\u00e1n posible atender mejor al vecino\u201d, seg\u00fan explicaron desde el Municipio. Se comprar\u00e1n, con esta suma adquirida, computadoras, impresoras, entre otros elementos. \u201cEste convenio promueve la modernizaci\u00f3n del Estado como base fundamental para [&hellip;]<\/p>\n","protected":false},"author":4,"featured_media":6357,"comment_status":"open","ping_status":"closed","sticky":false,"template":"","format":"standard","meta":{"om_disable_all_campaigns":false,"_jetpack_memberships_contains_paid_content":false,"footnotes":""},"categories":[50,2,102],"tags":[],"class_list":["post-6567","post","type-post","status-publish","format-standard","has-post-thumbnail","hentry","category-destacadas","category-locales","category-politica-locales"],"aioseo_notices":[],"gutentor_comment":0,"jetpack_featured_media_url":"https:\/\/eldiariodesanpedro.com.ar\/sitio\/wp-content\/uploads\/2016\/07\/salazar.jpg","jetpack_shortlink":"https:\/\/wp.me\/p6RhLt-1HV","jetpack_sharing_enabled":true,"_links":{"self":[{"href":"https:\/\/eldiariodesanpedro.com.ar\/sitio\/wp-json\/wp\/v2\/posts\/6567","targetHints":{"allow":["GET"]}}],"collection":[{"href":"https:\/\/eldiariodesanpedro.com.ar\/sitio\/wp-json\/wp\/v2\/posts"}],"about":[{"href":"https:\/\/eldiariodesanpedro.com.ar\/sitio\/wp-json\/wp\/v2\/types\/post"}],"author":[{"embeddable":true,"href":"https:\/\/eldiariodesanpedro.com.ar\/sitio\/wp-json\/wp\/v2\/users\/4"}],"replies":[{"embeddable":true,"href":"https:\/\/eldiariodesanpedro.com.ar\/sitio\/wp-json\/wp\/v2\/comments?post=6567"}],"version-history":[{"count":1,"href":"https:\/\/eldiariodesanpedro.com.ar\/sitio\/wp-json\/wp\/v2\/posts\/6567\/revisions"}],"predecessor-version":[{"id":6568,"href":"https:\/\/eldiariodesanpedro.com.ar\/sitio\/wp-json\/wp\/v2\/posts\/6567\/revisions\/6568"}],"wp:featuredmedia":[{"embeddable":true,"href":"https:\/\/eldiariodesanpedro.com.ar\/sitio\/wp-json\/wp\/v2\/media\/6357"}],"wp:attachment":[{"href":"https:\/\/eldiariodesanpedro.com.ar\/sitio\/wp-json\/wp\/v2\/media?parent=6567"}],"wp:term":[{"taxonomy":"category","embeddable":true,"href":"https:\/\/eldiariodesanpedro.com.ar\/sitio\/wp-json\/wp\/v2\/categories?post=6567"},{"taxonomy":"post_tag","embeddable":true,"href":"https:\/\/eldiariodesanpedro.com.ar\/sitio\/wp-json\/wp\/v2\/tags?post=6567"}],"curies":[{"name":"wp","href":"https:\/\/api.w.org\/{rel}","templated":true}]}}