{"id":6564,"date":"2016-07-29T19:19:24","date_gmt":"2016-07-29T22:19:24","guid":{"rendered":"https:\/\/eldiariodesanpedro.com.ar\/sitio\/?p=6564"},"modified":"2016-07-29T19:19:24","modified_gmt":"2016-07-29T22:19:24","slug":"uocra-comunico-que-no-dejara-ingresar-a-sitraic-a-las-obras","status":"publish","type":"post","link":"https:\/\/eldiariodesanpedro.com.ar\/sitio\/uocra-comunico-que-no-dejara-ingresar-a-sitraic-a-las-obras\/","title":{"rendered":"UOCRA comunic\u00f3 que no dejar\u00e1 ingresar a SITRAIC a las obras"},"content":{"rendered":"<p><!-- VideographyWP Plugin Message: Automatic video embedding prevented by plugin options. --><br \/>\nEl sindicato de la construcci\u00f3n que conduce Horacio Azzoni convoc\u00f3 a trabajadores y medios de prensa en el d\u00eda de ayer para anunciar que no dejar\u00e1 entrar a SITRAIC a las obras.<br \/>\nEn ese sentido, acompa\u00f1ados de los delegados de obras, se afirm\u00f3 en la conferencia que la iniciativa se realiz\u00f3 para que los \u201ccompa\u00f1eros est\u00e9n manifest\u00e1ndose con lo que viene pasando en la ciudad de San Pedro con este, no s\u00e9 c\u00f3mo llamarlo, si gremio o kiosquito\u201d.<br \/>\nEn tanto, en representaci\u00f3n de los obreros del San Juli\u00e1n, el delegado de apellido Cuevas asegur\u00f3: \u201cMientras yo est\u00e9 ah\u00ed no voy a permitir el ingreso a este sindicato adentro de la obra. Porque, una, que no lo conozco, no s\u00e9 de d\u00f3nde viene\u201d.<br \/>\nPor su parte, Mauricio G\u00e1lvez de Prear, dijo: \u201cJunto con Juan Navarro y Saucedo, venimos de representaci\u00f3n de todos nuestros compa\u00f1eros, son 140 familias que tenemos atr\u00e1s y apoy\u00e1ndonos en este d\u00eda\u201d.<br \/>\nLuego, Azzoni tom\u00f3 la palabra de nuevo y manifest\u00f3, en relaci\u00f3n a la inauguraci\u00f3n del local de SITRAIC: \u201cDecirle al SITRAIC si ma\u00f1ana va a inaugurar lo podemos acompa\u00f1ar para que inauguren un poco m\u00e1s tranquilos, as\u00ed no tienen tanto miedo\u201d.<\/p>\n","protected":false},"excerpt":{"rendered":"<p>El sindicato de la construcci\u00f3n que conduce Horacio Azzoni convoc\u00f3 a trabajadores y medios de prensa en el d\u00eda de ayer para anunciar que no dejar\u00e1 entrar a SITRAIC a las obras. En ese sentido, acompa\u00f1ados de los delegados de obras, se afirm\u00f3 en la conferencia que la iniciativa se realiz\u00f3 para que los \u201ccompa\u00f1eros [&hellip;]<\/p>\n","protected":false},"author":4,"featured_media":6565,"comment_status":"open","ping_status":"closed","sticky":false,"template":"","format":"standard","meta":{"om_disable_all_campaigns":false,"_jetpack_memberships_contains_paid_content":false,"footnotes":""},"categories":[50,2,102],"tags":[],"class_list":["post-6564","post","type-post","status-publish","format-standard","has-post-thumbnail","hentry","category-destacadas","category-locales","category-politica-locales"],"aioseo_notices":[],"gutentor_comment":0,"jetpack_featured_media_url":"https:\/\/eldiariodesanpedro.com.ar\/sitio\/wp-content\/uploads\/2016\/07\/PAGINA-3-15.jpg","jetpack_shortlink":"https:\/\/wp.me\/p6RhLt-1HS","jetpack_sharing_enabled":true,"_links":{"self":[{"href":"https:\/\/eldiariodesanpedro.com.ar\/sitio\/wp-json\/wp\/v2\/posts\/6564","targetHints":{"allow":["GET"]}}],"collection":[{"href":"https:\/\/eldiariodesanpedro.com.ar\/sitio\/wp-json\/wp\/v2\/posts"}],"about":[{"href":"https:\/\/eldiariodesanpedro.com.ar\/sitio\/wp-json\/wp\/v2\/types\/post"}],"author":[{"embeddable":true,"href":"https:\/\/eldiariodesanpedro.com.ar\/sitio\/wp-json\/wp\/v2\/users\/4"}],"replies":[{"embeddable":true,"href":"https:\/\/eldiariodesanpedro.com.ar\/sitio\/wp-json\/wp\/v2\/comments?post=6564"}],"version-history":[{"count":1,"href":"https:\/\/eldiariodesanpedro.com.ar\/sitio\/wp-json\/wp\/v2\/posts\/6564\/revisions"}],"predecessor-version":[{"id":6566,"href":"https:\/\/eldiariodesanpedro.com.ar\/sitio\/wp-json\/wp\/v2\/posts\/6564\/revisions\/6566"}],"wp:featuredmedia":[{"embeddable":true,"href":"https:\/\/eldiariodesanpedro.com.ar\/sitio\/wp-json\/wp\/v2\/media\/6565"}],"wp:attachment":[{"href":"https:\/\/eldiariodesanpedro.com.ar\/sitio\/wp-json\/wp\/v2\/media?parent=6564"}],"wp:term":[{"taxonomy":"category","embeddable":true,"href":"https:\/\/eldiariodesanpedro.com.ar\/sitio\/wp-json\/wp\/v2\/categories?post=6564"},{"taxonomy":"post_tag","embeddable":true,"href":"https:\/\/eldiariodesanpedro.com.ar\/sitio\/wp-json\/wp\/v2\/tags?post=6564"}],"curies":[{"name":"wp","href":"https:\/\/api.w.org\/{rel}","templated":true}]}}