{"id":6561,"date":"2016-07-29T19:11:53","date_gmt":"2016-07-29T22:11:53","guid":{"rendered":"https:\/\/eldiariodesanpedro.com.ar\/sitio\/?p=6561"},"modified":"2016-07-29T19:11:53","modified_gmt":"2016-07-29T22:11:53","slug":"la-coopser-podra-aumentar-la-tarifa-electrica","status":"publish","type":"post","link":"https:\/\/eldiariodesanpedro.com.ar\/sitio\/la-coopser-podra-aumentar-la-tarifa-electrica\/","title":{"rendered":"La Coopser podr\u00e1 aumentar la tarifa el\u00e9ctrica"},"content":{"rendered":"<p><!-- VideographyWP Plugin Message: Automatic video embedding prevented by plugin options. --><br \/>\nMientras se realizaba la audiencia p\u00fablica en Mar del Plata para debatir el aumento de la electricidad, la C\u00e1mara en lo Contencioso Administrativo de La Plata pon\u00eda en vigencia nuevamente el tarifazo de luz en la Provincia. Los jueces Gustavo De Santis y Claudia Milanta revocaron as\u00ed el fallo del juez Federico Arias, que manten\u00eda en suspenso el aumento en la electricidad para las cuatro empresas proveedoras del servicio.<br \/>\nEn ese sentido, Coopser se\u00f1al\u00f3 \u201cque en las \u00faltimas horas se conoci\u00f3 el fallo de la C\u00e1mara de Apelaciones en lo Contencioso Administrativo de La Plata que, en s\u00edntesis, retrotrae la situaci\u00f3n generada tras la resoluci\u00f3n del aumento de energ\u00eda y las subsiguientes acciones interpuestas, al punto original\u201d.<br \/>\n\u201cEn el mismo, luego de analizar las diferentes peticiones elevadas se resuelve habilitar la feria y hacer lugar al recurso de queja, revocando la resoluci\u00f3n de grado y concediendo el recurso de apelaci\u00f3n que lo motiv\u00f3 con efecto suspensivo\u201d, se\u00f1alaron en un comunicado.<br \/>\nDe este modo, la resoluci\u00f3n 22\/2016 que dispuso los aumentos sigue firme hasta que se resuelva la cuesti\u00f3n de fondo.<br \/>\nCon la medida, hasta que no se solucione el tema tarifas por parte de la Corte Suprema, volver\u00e1n a estar en vigencia los aumentos en la provincia de Buenos Aires. Las empresas Edelap (La Plata y regi\u00f3n), Edes (sur bonaerense), Edea (costa atl\u00e1ntica), Eden (norte de la provincia) y las alrededor de 2.000 cooperativas, entre ellas la de nuestra ciudad, quedaron habilitadas para cobrar el aumento tarifario.<br \/>\nLas autoridades de la Coopser participaron de la audiencia p\u00fablica en Mar del Plata (ver subt\u00edtulo abajo).<\/p>\n<p>Desde el pr\u00f3ximo mes, las empresas ya pueden cobrar el aumento de luz<\/p>\n<p>Luego de la pol\u00e9mica audiencia p\u00fablica realizada en Mar del Plata y la resoluci\u00f3n de la C\u00e1mara de Apelaciones de La Plata, las prestadoras de energ\u00eda de la provincia de Buenos Aires podr\u00e1n, desde la siguiente semana (cuando emitan las nuevas facturas), cobrar el aumento dispuesto por el Gobierno bonaerense a principio de a\u00f1o. As\u00ed lo explic\u00f3 el titular del Organismo Contralor de Energ\u00eda de la Provincia de Buenos Aires, Jorge Arce.<br \/>\n\u201cA partir de esta resoluci\u00f3n de C\u00e1mara vuelve a tener vigencia la resoluci\u00f3n 22. La facturaci\u00f3n que se hace los primeros d\u00edas del mes lo van a poder hacer con el aumento\u201d, dijo Jorge Arce ayer viernes a radio El Mundo.<br \/>\nEl titular del OCEBA hace referencia a la resoluci\u00f3n que emiti\u00f3 el Ministerio de Infraestructura y Servicios P\u00fablicos bonaerense en los \u00faltimos d\u00edas de febrero, cuando la gobernadora Mar\u00eda Eugenia Vidal puso su firma para habilitar un incremento en la tarifa del servicio que llegaba hasta el 250 por ciento.<br \/>\nA partir de all\u00ed, se desencaden\u00f3 una historia de fallos y apelaciones. Hab\u00eda sido el Juzgado en lo Contencioso y Administrativo N\u00ba 1 de La Plata, a cargo de Luis Arias, quien dio lugar a un amparo para frenar el aumento. Entre los fundamentos, el magistrado explic\u00f3 que no se llev\u00f3 adelante una audiencia p\u00fablica.<br \/>\nAquel fallo fue apelado frente a la C\u00e1mara por el gobierno provincial y la prestadora Edelap y este jueves la C\u00e1mara de Apelaciones resolvi\u00f3 revocar el efecto suspensivo, pese a que no se expidi\u00f3 sobre la cuesti\u00f3n de fondo.<br \/>\nTambi\u00e9n este jueves la Provincia llev\u00f3 adelante la audiencia p\u00fablica. A pesar de los intentos de algunos sectores de la oposici\u00f3n pol\u00edtica y el llamado a un \u00abplantazo\u00bb de algunas asociaciones de consumidores, finalmente se realiz\u00f3 la audiencia para debatir sobre el aumento de la tarifa el\u00e9ctrica en la provincia y cont\u00f3 con la presencia de m\u00e1s de 400 participantes.<br \/>\nEl desarrollo de la audiencia coincidi\u00f3 adem\u00e1s con un fallo de la C\u00e1mara en lo Contencioso Administrativo de La Plata, que limit\u00f3 los alcances de una medida cautelar dictada por el juez Luis Arias, y autoriz\u00f3 entonces la aplicaci\u00f3n de nuevo cuadro tarifario dispuesto por el Gobierno en abril, y que alcanza subas del 215 por ciento.<br \/>\nLa jornada de debate p\u00fablico se realiz\u00f3 en Mar del Plata y dur\u00f3 algo m\u00e1s de seis horas, a lo largo de las cuales desde las empresas no fueron demasiado contundentes a la hora de explicar la necesidad de las subas y desde el gobierno se comprometieron a perfeccionar la aplicaci\u00f3n de la tarifa social.<br \/>\nLas cr\u00edticas de usuarios y consumidores fueron en varias direcciones; en lo que tiene que ver concretamente con las subas, se cuestion\u00f3 la falta de gradualismo, la baja calidad del servicio y la falta de previsi\u00f3n para proteger a algunas instituciones como clubes y bibliotecas de la Provincia. Pero tambi\u00e9n se cuestionaron las dificultades para participar de la audiencia: el hecho mismo de que se realizar\u00e1 solo un encuentro y en Mar del Plata, y tambi\u00e9n el dispositivo de seguridad montado en torno al Estadio Jos\u00e9 Mar\u00eda Minella, sede de la reuni\u00f3n, que impidi\u00f3 la llegada de manifestantes al lugar.<\/p>\n","protected":false},"excerpt":{"rendered":"<p>Mientras se realizaba la audiencia p\u00fablica en Mar del Plata para debatir el aumento de la electricidad, la C\u00e1mara en lo Contencioso Administrativo de La Plata pon\u00eda en vigencia nuevamente el tarifazo de luz en la Provincia. Los jueces Gustavo De Santis y Claudia Milanta revocaron as\u00ed el fallo del juez Federico Arias, que manten\u00eda [&hellip;]<\/p>\n","protected":false},"author":4,"featured_media":6562,"comment_status":"open","ping_status":"closed","sticky":false,"template":"","format":"standard","meta":{"om_disable_all_campaigns":false,"_jetpack_memberships_contains_paid_content":false,"footnotes":""},"categories":[50,101,2],"tags":[],"class_list":["post-6561","post","type-post","status-publish","format-standard","has-post-thumbnail","hentry","category-destacadas","category-interes-general-locales","category-locales"],"aioseo_notices":[],"gutentor_comment":0,"jetpack_featured_media_url":"https:\/\/eldiariodesanpedro.com.ar\/sitio\/wp-content\/uploads\/2016\/07\/PAGINA-5-14.jpg","jetpack_shortlink":"https:\/\/wp.me\/p6RhLt-1HP","jetpack_sharing_enabled":true,"_links":{"self":[{"href":"https:\/\/eldiariodesanpedro.com.ar\/sitio\/wp-json\/wp\/v2\/posts\/6561","targetHints":{"allow":["GET"]}}],"collection":[{"href":"https:\/\/eldiariodesanpedro.com.ar\/sitio\/wp-json\/wp\/v2\/posts"}],"about":[{"href":"https:\/\/eldiariodesanpedro.com.ar\/sitio\/wp-json\/wp\/v2\/types\/post"}],"author":[{"embeddable":true,"href":"https:\/\/eldiariodesanpedro.com.ar\/sitio\/wp-json\/wp\/v2\/users\/4"}],"replies":[{"embeddable":true,"href":"https:\/\/eldiariodesanpedro.com.ar\/sitio\/wp-json\/wp\/v2\/comments?post=6561"}],"version-history":[{"count":1,"href":"https:\/\/eldiariodesanpedro.com.ar\/sitio\/wp-json\/wp\/v2\/posts\/6561\/revisions"}],"predecessor-version":[{"id":6563,"href":"https:\/\/eldiariodesanpedro.com.ar\/sitio\/wp-json\/wp\/v2\/posts\/6561\/revisions\/6563"}],"wp:featuredmedia":[{"embeddable":true,"href":"https:\/\/eldiariodesanpedro.com.ar\/sitio\/wp-json\/wp\/v2\/media\/6562"}],"wp:attachment":[{"href":"https:\/\/eldiariodesanpedro.com.ar\/sitio\/wp-json\/wp\/v2\/media?parent=6561"}],"wp:term":[{"taxonomy":"category","embeddable":true,"href":"https:\/\/eldiariodesanpedro.com.ar\/sitio\/wp-json\/wp\/v2\/categories?post=6561"},{"taxonomy":"post_tag","embeddable":true,"href":"https:\/\/eldiariodesanpedro.com.ar\/sitio\/wp-json\/wp\/v2\/tags?post=6561"}],"curies":[{"name":"wp","href":"https:\/\/api.w.org\/{rel}","templated":true}]}}