{"id":65476,"date":"2019-12-11T10:41:30","date_gmt":"2019-12-11T13:41:30","guid":{"rendered":"https:\/\/eldiariodesanpedro.com.ar\/sitio\/?p=65476"},"modified":"2019-12-11T10:41:36","modified_gmt":"2019-12-11T13:41:36","slug":"el-accidente-de-transito-nuestro-de-cada-dia","status":"publish","type":"post","link":"https:\/\/eldiariodesanpedro.com.ar\/sitio\/el-accidente-de-transito-nuestro-de-cada-dia\/","title":{"rendered":"El accidente de transito nuestro de cada d\u00eda"},"content":{"rendered":"<!-- VideographyWP Plugin Message: Automatic video embedding prevented by plugin options. -->\n\n<p>Este martes alrededor de las 19 hs por&nbsp; razones que se tratan establecer se produce un accidente de tr\u00e1nsito en la intersecciones de calle Caseros y An\u00edbal de Ant\u00f3n donde colisionaron un autom\u00f3vil guiado por un ciudadano de 47 a\u00f1os contra una&nbsp; motocicleta conducida por otro de 53 a\u00f1os a quien transportaba a su hijo de 16 a\u00f1os  .<\/p>\n\n\n\n<p>Como consecuencia del impacto el conductor\u00a0 del autom\u00f3vil result\u00f3 ileso mientras que los de la motocicleta presentan lesiones leves. .<\/p>\n","protected":false},"excerpt":{"rendered":"<p>Este martes alrededor de las 19 hs por&nbsp; razones que se tratan establecer se produce un accidente de tr\u00e1nsito en la intersecciones de calle Caseros y An\u00edbal de Ant\u00f3n donde colisionaron un autom\u00f3vil guiado por un ciudadano de 47 a\u00f1os contra una&nbsp; motocicleta conducida por otro de 53 a\u00f1os a quien transportaba a su hijo [&hellip;]<\/p>\n","protected":false},"author":4,"featured_media":65208,"comment_status":"open","ping_status":"closed","sticky":false,"template":"","format":"standard","meta":{"om_disable_all_campaigns":false,"_jetpack_memberships_contains_paid_content":false,"footnotes":""},"categories":[2,103],"tags":[],"class_list":["post-65476","post","type-post","status-publish","format-standard","has-post-thumbnail","hentry","category-locales","category-policiales-locales"],"aioseo_notices":[],"gutentor_comment":0,"jetpack_featured_media_url":"https:\/\/eldiariodesanpedro.com.ar\/sitio\/wp-content\/uploads\/2019\/12\/thumb_patrulla-policia-bonaerense-movil-policia.jpeg","jetpack_shortlink":"https:\/\/wp.me\/p6RhLt-h24","jetpack_sharing_enabled":true,"_links":{"self":[{"href":"https:\/\/eldiariodesanpedro.com.ar\/sitio\/wp-json\/wp\/v2\/posts\/65476","targetHints":{"allow":["GET"]}}],"collection":[{"href":"https:\/\/eldiariodesanpedro.com.ar\/sitio\/wp-json\/wp\/v2\/posts"}],"about":[{"href":"https:\/\/eldiariodesanpedro.com.ar\/sitio\/wp-json\/wp\/v2\/types\/post"}],"author":[{"embeddable":true,"href":"https:\/\/eldiariodesanpedro.com.ar\/sitio\/wp-json\/wp\/v2\/users\/4"}],"replies":[{"embeddable":true,"href":"https:\/\/eldiariodesanpedro.com.ar\/sitio\/wp-json\/wp\/v2\/comments?post=65476"}],"version-history":[{"count":1,"href":"https:\/\/eldiariodesanpedro.com.ar\/sitio\/wp-json\/wp\/v2\/posts\/65476\/revisions"}],"predecessor-version":[{"id":65477,"href":"https:\/\/eldiariodesanpedro.com.ar\/sitio\/wp-json\/wp\/v2\/posts\/65476\/revisions\/65477"}],"wp:featuredmedia":[{"embeddable":true,"href":"https:\/\/eldiariodesanpedro.com.ar\/sitio\/wp-json\/wp\/v2\/media\/65208"}],"wp:attachment":[{"href":"https:\/\/eldiariodesanpedro.com.ar\/sitio\/wp-json\/wp\/v2\/media?parent=65476"}],"wp:term":[{"taxonomy":"category","embeddable":true,"href":"https:\/\/eldiariodesanpedro.com.ar\/sitio\/wp-json\/wp\/v2\/categories?post=65476"},{"taxonomy":"post_tag","embeddable":true,"href":"https:\/\/eldiariodesanpedro.com.ar\/sitio\/wp-json\/wp\/v2\/tags?post=65476"}],"curies":[{"name":"wp","href":"https:\/\/api.w.org\/{rel}","templated":true}]}}