{"id":65474,"date":"2019-12-11T10:37:49","date_gmt":"2019-12-11T13:37:49","guid":{"rendered":"https:\/\/eldiariodesanpedro.com.ar\/sitio\/?p=65474"},"modified":"2019-12-11T10:37:53","modified_gmt":"2019-12-11T13:37:53","slug":"dos-aprehendidos-por-diferentes-causas-judiciales","status":"publish","type":"post","link":"https:\/\/eldiariodesanpedro.com.ar\/sitio\/dos-aprehendidos-por-diferentes-causas-judiciales\/","title":{"rendered":"Dos aprehendidos por diferentes causas judiciales"},"content":{"rendered":"<!-- VideographyWP Plugin Message: Automatic video embedding prevented by plugin options. -->\n\n<p>Este martes alrededor de las 20.30 hs la polic\u00eda de nuestra ciudad en recorrida, se hace presente en calle Miguel Porta y San Lorenzo donde aprehendi\u00f3 a un ciudadano de 23 a\u00f1os de edad quien posee pedido de captura dispuesta por la UFI N\u00ba 8 de la vecina localidad de Baradero con fecha de alta desde el d\u00eda 25 de octubre de 2019 por el delito de \u201churto calificado de veh\u00edculo\u201d el que fue abandonado en la v\u00eda p\u00fablica ocurrido en el a\u00f1o 2018.\u00a0<\/p>\n\n\n\n<p>Este martes tambi\u00e9n minutos antes del anterior, alrededor de las 20 hs, en ruta 1001 y ex ruta 9 en un control vehicular apostado en el ingreso a la localidad, se procede identificaci\u00f3n de masculino de 44 a\u00f1os, quien se movilizaba en autom\u00f3vil. Seg\u00fan el sistema inform\u00e1tico de la Polic\u00eda registra pedido de paradero activo, por una\u00a0 causa de amenazas agravadas , en el a\u00f1o 2018 a requerimiento de la fiscal\u00eda local.<\/p>\n","protected":false},"excerpt":{"rendered":"<p>Este martes alrededor de las 20.30 hs la polic\u00eda de nuestra ciudad en recorrida, se hace presente en calle Miguel Porta y San Lorenzo donde aprehendi\u00f3 a un ciudadano de 23 a\u00f1os de edad quien posee pedido de captura dispuesta por la UFI N\u00ba 8 de la vecina localidad de Baradero con fecha de alta [&hellip;]<\/p>\n","protected":false},"author":4,"featured_media":64428,"comment_status":"open","ping_status":"closed","sticky":false,"template":"","format":"standard","meta":{"om_disable_all_campaigns":false,"_jetpack_memberships_contains_paid_content":false,"footnotes":""},"categories":[2,103],"tags":[],"class_list":["post-65474","post","type-post","status-publish","format-standard","has-post-thumbnail","hentry","category-locales","category-policiales-locales"],"aioseo_notices":[],"gutentor_comment":0,"jetpack_featured_media_url":"https:\/\/eldiariodesanpedro.com.ar\/sitio\/wp-content\/uploads\/2019\/11\/124591.jpg","jetpack_shortlink":"https:\/\/wp.me\/p6RhLt-h22","jetpack_sharing_enabled":true,"_links":{"self":[{"href":"https:\/\/eldiariodesanpedro.com.ar\/sitio\/wp-json\/wp\/v2\/posts\/65474","targetHints":{"allow":["GET"]}}],"collection":[{"href":"https:\/\/eldiariodesanpedro.com.ar\/sitio\/wp-json\/wp\/v2\/posts"}],"about":[{"href":"https:\/\/eldiariodesanpedro.com.ar\/sitio\/wp-json\/wp\/v2\/types\/post"}],"author":[{"embeddable":true,"href":"https:\/\/eldiariodesanpedro.com.ar\/sitio\/wp-json\/wp\/v2\/users\/4"}],"replies":[{"embeddable":true,"href":"https:\/\/eldiariodesanpedro.com.ar\/sitio\/wp-json\/wp\/v2\/comments?post=65474"}],"version-history":[{"count":1,"href":"https:\/\/eldiariodesanpedro.com.ar\/sitio\/wp-json\/wp\/v2\/posts\/65474\/revisions"}],"predecessor-version":[{"id":65475,"href":"https:\/\/eldiariodesanpedro.com.ar\/sitio\/wp-json\/wp\/v2\/posts\/65474\/revisions\/65475"}],"wp:featuredmedia":[{"embeddable":true,"href":"https:\/\/eldiariodesanpedro.com.ar\/sitio\/wp-json\/wp\/v2\/media\/64428"}],"wp:attachment":[{"href":"https:\/\/eldiariodesanpedro.com.ar\/sitio\/wp-json\/wp\/v2\/media?parent=65474"}],"wp:term":[{"taxonomy":"category","embeddable":true,"href":"https:\/\/eldiariodesanpedro.com.ar\/sitio\/wp-json\/wp\/v2\/categories?post=65474"},{"taxonomy":"post_tag","embeddable":true,"href":"https:\/\/eldiariodesanpedro.com.ar\/sitio\/wp-json\/wp\/v2\/tags?post=65474"}],"curies":[{"name":"wp","href":"https:\/\/api.w.org\/{rel}","templated":true}]}}