{"id":65425,"date":"2019-12-10T11:15:58","date_gmt":"2019-12-10T14:15:58","guid":{"rendered":"https:\/\/eldiariodesanpedro.com.ar\/sitio\/?p=65425"},"modified":"2019-12-10T11:16:07","modified_gmt":"2019-12-10T14:16:07","slug":"zarate-llamaron-a-bomberos-por-un-incendio-de-casa-y-termino-siendo-una-broma-telefonica","status":"publish","type":"post","link":"https:\/\/eldiariodesanpedro.com.ar\/sitio\/zarate-llamaron-a-bomberos-por-un-incendio-de-casa-y-termino-siendo-una-broma-telefonica\/","title":{"rendered":"Z\u00c1RATE | Llamaron a Bomberos por un incendio de casa y termin\u00f3 siendo una broma telef\u00f3nica"},"content":{"rendered":"<!-- VideographyWP Plugin Message: Automatic video embedding prevented by plugin options. -->\n\n<p>Anoche, pasadas las 21:30hs, el cuartel de Bomberos Voluntarios de Z\u00e1rate recibi\u00f3 una llamada telef\u00f3nica por un incendio de vivienda en Quirno y Balcarce.<\/p>\n\n\n\n<p>De inmediato una dotaci\u00f3n se prepar\u00f3 y sali\u00f3 hacia el lugar mencionado, sin saber que la urgencia no era urgencia y que el aviso finalmente se tratar\u00eda de una broma. Y as\u00ed fue, al llegar no hab\u00eda fuego e incluso hasta los mismos vecinos se vieron sorprendidos por su presencia.<\/p>\n\n\n\n<p>El personal interviniente solicit\u00f3 a la comunidad abstenerse de realizar estas fallas llamadas.<\/p>\n\n\n\n<p>Fuente: <a href=\"http:\/\/www.enlacecritico.com\/zarate\/llamaron-a-bomberos-por-un-incendio-de-casa-y-termino-siendo-una-broma-telefonica\/\">Enlace Critico<\/a><\/p>\n","protected":false},"excerpt":{"rendered":"<p>Anoche, pasadas las 21:30hs, el cuartel de Bomberos Voluntarios de Z\u00e1rate recibi\u00f3 una llamada telef\u00f3nica por un incendio de vivienda en Quirno y Balcarce. De inmediato una dotaci\u00f3n se prepar\u00f3 y sali\u00f3 hacia el lugar mencionado, sin saber que la urgencia no era urgencia y que el aviso finalmente se tratar\u00eda de una broma. Y [&hellip;]<\/p>\n","protected":false},"author":4,"featured_media":65427,"comment_status":"open","ping_status":"closed","sticky":false,"template":"","format":"standard","meta":{"om_disable_all_campaigns":false,"_jetpack_memberships_contains_paid_content":false,"footnotes":""},"categories":[621],"tags":[738,790,562,681,707],"class_list":["post-65425","post","type-post","status-publish","format-standard","has-post-thumbnail","hentry","category-regionales","tag-bomberos","tag-broma","tag-incendio","tag-regionales","tag-zarate"],"aioseo_notices":[],"gutentor_comment":0,"jetpack_featured_media_url":"https:\/\/eldiariodesanpedro.com.ar\/sitio\/wp-content\/uploads\/2019\/12\/Bomberos-Noche-2.jpg","jetpack_shortlink":"https:\/\/wp.me\/p6RhLt-h1f","jetpack_sharing_enabled":true,"_links":{"self":[{"href":"https:\/\/eldiariodesanpedro.com.ar\/sitio\/wp-json\/wp\/v2\/posts\/65425","targetHints":{"allow":["GET"]}}],"collection":[{"href":"https:\/\/eldiariodesanpedro.com.ar\/sitio\/wp-json\/wp\/v2\/posts"}],"about":[{"href":"https:\/\/eldiariodesanpedro.com.ar\/sitio\/wp-json\/wp\/v2\/types\/post"}],"author":[{"embeddable":true,"href":"https:\/\/eldiariodesanpedro.com.ar\/sitio\/wp-json\/wp\/v2\/users\/4"}],"replies":[{"embeddable":true,"href":"https:\/\/eldiariodesanpedro.com.ar\/sitio\/wp-json\/wp\/v2\/comments?post=65425"}],"version-history":[{"count":1,"href":"https:\/\/eldiariodesanpedro.com.ar\/sitio\/wp-json\/wp\/v2\/posts\/65425\/revisions"}],"predecessor-version":[{"id":65428,"href":"https:\/\/eldiariodesanpedro.com.ar\/sitio\/wp-json\/wp\/v2\/posts\/65425\/revisions\/65428"}],"wp:featuredmedia":[{"embeddable":true,"href":"https:\/\/eldiariodesanpedro.com.ar\/sitio\/wp-json\/wp\/v2\/media\/65427"}],"wp:attachment":[{"href":"https:\/\/eldiariodesanpedro.com.ar\/sitio\/wp-json\/wp\/v2\/media?parent=65425"}],"wp:term":[{"taxonomy":"category","embeddable":true,"href":"https:\/\/eldiariodesanpedro.com.ar\/sitio\/wp-json\/wp\/v2\/categories?post=65425"},{"taxonomy":"post_tag","embeddable":true,"href":"https:\/\/eldiariodesanpedro.com.ar\/sitio\/wp-json\/wp\/v2\/tags?post=65425"}],"curies":[{"name":"wp","href":"https:\/\/api.w.org\/{rel}","templated":true}]}}