{"id":65418,"date":"2019-12-10T11:11:08","date_gmt":"2019-12-10T14:11:08","guid":{"rendered":"https:\/\/eldiariodesanpedro.com.ar\/sitio\/?p=65418"},"modified":"2019-12-10T11:11:09","modified_gmt":"2019-12-10T14:11:09","slug":"ramallo-movil-0-km-para-la-policia-de-perez-millan","status":"publish","type":"post","link":"https:\/\/eldiariodesanpedro.com.ar\/sitio\/ramallo-movil-0-km-para-la-policia-de-perez-millan\/","title":{"rendered":"RAMALLO | M\u00f3vil 0 km para la polic\u00eda de P\u00e9rez Mill\u00e1n"},"content":{"rendered":"<!-- VideographyWP Plugin Message: Automatic video embedding prevented by plugin options. -->\n\n<p>El sub comisario Mat\u00edas Baca retiro en la ciudad de La plata el nuevo m\u00f3vil que tendr\u00e1 el destacamento que tiene a cargo.<\/p>\n\n\n\n<p>La Provincia le hizo la entrega directa esta ma\u00f1ana en La Plata. Se trata de una camioneta Ford Ranger 0 KM que fue gestionada por el propio sub comisario y los distintos funcionarios en varias ocasiones.<\/p>\n\n\n\n<p>Este lunes se concret\u00f3 la entrega que la hizo el actual ministerio de seguridad y gobierno de la provincia.<\/p>\n\n\n\n<p>Fuente: Ramallo Ciudad<\/p>\n","protected":false},"excerpt":{"rendered":"<p>El sub comisario Mat\u00edas Baca retiro en la ciudad de La plata el nuevo m\u00f3vil que tendr\u00e1 el destacamento que tiene a cargo. La Provincia le hizo la entrega directa esta ma\u00f1ana en La Plata. Se trata de una camioneta Ford Ranger 0 KM que fue gestionada por el propio sub comisario y los distintos [&hellip;]<\/p>\n","protected":false},"author":4,"featured_media":65419,"comment_status":"open","ping_status":"closed","sticky":false,"template":"","format":"standard","meta":{"om_disable_all_campaigns":false,"_jetpack_memberships_contains_paid_content":false,"footnotes":""},"categories":[621],"tags":[785,786,784,681],"class_list":["post-65418","post","type-post","status-publish","format-standard","has-post-thumbnail","hentry","category-regionales","tag-movil","tag-patrullero","tag-perez-millan","tag-regionales"],"aioseo_notices":[],"gutentor_comment":0,"jetpack_featured_media_url":"https:\/\/eldiariodesanpedro.com.ar\/sitio\/wp-content\/uploads\/2019\/12\/Movil-Perez-Millan.jpg","jetpack_shortlink":"https:\/\/wp.me\/p6RhLt-h18","jetpack_sharing_enabled":true,"_links":{"self":[{"href":"https:\/\/eldiariodesanpedro.com.ar\/sitio\/wp-json\/wp\/v2\/posts\/65418","targetHints":{"allow":["GET"]}}],"collection":[{"href":"https:\/\/eldiariodesanpedro.com.ar\/sitio\/wp-json\/wp\/v2\/posts"}],"about":[{"href":"https:\/\/eldiariodesanpedro.com.ar\/sitio\/wp-json\/wp\/v2\/types\/post"}],"author":[{"embeddable":true,"href":"https:\/\/eldiariodesanpedro.com.ar\/sitio\/wp-json\/wp\/v2\/users\/4"}],"replies":[{"embeddable":true,"href":"https:\/\/eldiariodesanpedro.com.ar\/sitio\/wp-json\/wp\/v2\/comments?post=65418"}],"version-history":[{"count":1,"href":"https:\/\/eldiariodesanpedro.com.ar\/sitio\/wp-json\/wp\/v2\/posts\/65418\/revisions"}],"predecessor-version":[{"id":65421,"href":"https:\/\/eldiariodesanpedro.com.ar\/sitio\/wp-json\/wp\/v2\/posts\/65418\/revisions\/65421"}],"wp:featuredmedia":[{"embeddable":true,"href":"https:\/\/eldiariodesanpedro.com.ar\/sitio\/wp-json\/wp\/v2\/media\/65419"}],"wp:attachment":[{"href":"https:\/\/eldiariodesanpedro.com.ar\/sitio\/wp-json\/wp\/v2\/media?parent=65418"}],"wp:term":[{"taxonomy":"category","embeddable":true,"href":"https:\/\/eldiariodesanpedro.com.ar\/sitio\/wp-json\/wp\/v2\/categories?post=65418"},{"taxonomy":"post_tag","embeddable":true,"href":"https:\/\/eldiariodesanpedro.com.ar\/sitio\/wp-json\/wp\/v2\/tags?post=65418"}],"curies":[{"name":"wp","href":"https:\/\/api.w.org\/{rel}","templated":true}]}}