{"id":65413,"date":"2019-12-10T11:00:52","date_gmt":"2019-12-10T14:00:52","guid":{"rendered":"https:\/\/eldiariodesanpedro.com.ar\/sitio\/?p=65413"},"modified":"2019-12-10T11:08:21","modified_gmt":"2019-12-10T14:08:21","slug":"baradero-se-inauguro-el-hogar-de-proteccion-integral-para-victimas-de-violencia-de-genero","status":"publish","type":"post","link":"https:\/\/eldiariodesanpedro.com.ar\/sitio\/baradero-se-inauguro-el-hogar-de-proteccion-integral-para-victimas-de-violencia-de-genero\/","title":{"rendered":"BARADERO | Se inaugur\u00f3 el Hogar de Protecci\u00f3n Integral para V\u00edctimas de Violencia de G\u00e9nero"},"content":{"rendered":"<!-- VideographyWP Plugin Message: Automatic video embedding prevented by plugin options. -->\n\n<p>Ocurri\u00f3 este lunes por la ma\u00f1ana en el Hogar del Ni\u00f1o \u201cJuan XXIII\u201d, donde se encuentra instalado el hogar de protecci\u00f3n que buscar\u00e1 proteger a todas las mujeres que sufran esta problem\u00e1tica.<\/p>\n\n\n\n<p>La Municipalidad de Baradero junto a la Direcci\u00f3n General de Pol\u00edticas de Familia, la Comisar\u00eda de la Mujer y el Servicio de Violencia Familiar gestion\u00f3 el Hogar de Protecci\u00f3n Integral en busca de facilitar el trabajo cotidiano y poner en manifiesto el compromiso de todos los que poseen responsabilidades de dar respuestas a quienes sufren violencia de g\u00e9nero.<\/p>\n\n\n\n<p>El acto estuvo encabezado por quien hasta entonces era intendente municipal Fernanda Antonijevic quien en principio felicit\u00f3 a todo el equipo por la conquista lograda en la lucha contra la violencia de g\u00e9nero en Baradero.&nbsp;<em>\u201cEste es un lugar donde las mujeres podr\u00e1n resguardarse mientras se toman las primeras medidas judiciales a partir de la Ley de Violencia Dom\u00e9stica, que es un ley muy pr\u00e1ctica pero que sigue teniendo dificultades durante el plazo donde se realiza la denuncia y que se toman las primeras medidas cautelares. Necesitamos que quien sea v\u00edctima tenga la posibilidad de un resguardo\u201d&nbsp;<\/em>explic\u00f3.<\/p>\n\n\n\n<p><em>\u201cEs una herramienta indispensable en algo que todos tenemos la obligaci\u00f3n de trabajar porque sabemos que cuando hay menos violencia en la casa se traduce en evitar v\u00edctimas y evitar la herencia de una forma de vivir que trasunta a la comunidad permanentemente, mucho de los delitos que conocemos en Baradero tiene como antecedentes de j\u00f3venes con una vida de mucha violencia naturalizada. Es realmente un avance important\u00edsimo para prevenir, trabajar y comprometernos todos\u201d<\/em>&nbsp;concluy\u00f3 Antonijevic.<\/p>\n\n\n\n<p>Por su parte, Cecilia Guariniello, directora general de pol\u00edticas de familia cont\u00f3 que es una demanda de la ciudad y tambi\u00e9n del equipo. \u201c<em>Desde que estoy en la gesti\u00f3n, entre tantas cosas, me dediqu\u00e9 a ver d\u00f3nde pod\u00edamos encontrar un recurso para poder hacerlo y lo conseguimos trav\u00e9s del Instituto de G\u00e9nero y Diversidad de la provincia de Buenos Aires y el Senado. Lo conseguimos y le agradezco a Fernanda que me dio este lugar y me apoy\u00f3 en las propuestas que tuve.\u201d<\/em>&nbsp;Y, adem\u00e1s, a\u00f1adi\u00f3 que&nbsp;<em>\u201cfinalizar la gesti\u00f3n con la inauguraci\u00f3n del refugio es realmente un honor\u201d.<\/em><\/p>\n\n\n\n<p>Fuente: <a href=\"https:\/\/www.baraderoteinforma.com.ar\/se-inauguro-el-hogar-de-proteccion-integral-para-victimas-de-violencia-de-genero\/\">Baradero Te Informa<\/a><\/p>\n","protected":false},"excerpt":{"rendered":"<p>Ocurri\u00f3 este lunes por la ma\u00f1ana en el Hogar del Ni\u00f1o \u201cJuan XXIII\u201d, donde se encuentra instalado el hogar de protecci\u00f3n que buscar\u00e1 proteger a todas las mujeres que sufran esta problem\u00e1tica. La Municipalidad de Baradero junto a la Direcci\u00f3n General de Pol\u00edticas de Familia, la Comisar\u00eda de la Mujer y el Servicio de Violencia [&hellip;]<\/p>\n","protected":false},"author":4,"featured_media":65416,"comment_status":"open","ping_status":"closed","sticky":false,"template":"","format":"standard","meta":{"om_disable_all_campaigns":false,"_jetpack_memberships_contains_paid_content":false,"footnotes":""},"categories":[621],"tags":[139,782,681,783],"class_list":["post-65413","post","type-post","status-publish","format-standard","has-post-thumbnail","hentry","category-regionales","tag-baradero","tag-hogar-de-proteccion","tag-regionales","tag-victimas-de-violencia-de-genero"],"aioseo_notices":[],"gutentor_comment":0,"jetpack_featured_media_url":"https:\/\/eldiariodesanpedro.com.ar\/sitio\/wp-content\/uploads\/2019\/12\/DSC_8050-scaled.jpg","jetpack_shortlink":"https:\/\/wp.me\/p6RhLt-h13","jetpack_sharing_enabled":true,"_links":{"self":[{"href":"https:\/\/eldiariodesanpedro.com.ar\/sitio\/wp-json\/wp\/v2\/posts\/65413","targetHints":{"allow":["GET"]}}],"collection":[{"href":"https:\/\/eldiariodesanpedro.com.ar\/sitio\/wp-json\/wp\/v2\/posts"}],"about":[{"href":"https:\/\/eldiariodesanpedro.com.ar\/sitio\/wp-json\/wp\/v2\/types\/post"}],"author":[{"embeddable":true,"href":"https:\/\/eldiariodesanpedro.com.ar\/sitio\/wp-json\/wp\/v2\/users\/4"}],"replies":[{"embeddable":true,"href":"https:\/\/eldiariodesanpedro.com.ar\/sitio\/wp-json\/wp\/v2\/comments?post=65413"}],"version-history":[{"count":2,"href":"https:\/\/eldiariodesanpedro.com.ar\/sitio\/wp-json\/wp\/v2\/posts\/65413\/revisions"}],"predecessor-version":[{"id":65417,"href":"https:\/\/eldiariodesanpedro.com.ar\/sitio\/wp-json\/wp\/v2\/posts\/65413\/revisions\/65417"}],"wp:featuredmedia":[{"embeddable":true,"href":"https:\/\/eldiariodesanpedro.com.ar\/sitio\/wp-json\/wp\/v2\/media\/65416"}],"wp:attachment":[{"href":"https:\/\/eldiariodesanpedro.com.ar\/sitio\/wp-json\/wp\/v2\/media?parent=65413"}],"wp:term":[{"taxonomy":"category","embeddable":true,"href":"https:\/\/eldiariodesanpedro.com.ar\/sitio\/wp-json\/wp\/v2\/categories?post=65413"},{"taxonomy":"post_tag","embeddable":true,"href":"https:\/\/eldiariodesanpedro.com.ar\/sitio\/wp-json\/wp\/v2\/tags?post=65413"}],"curies":[{"name":"wp","href":"https:\/\/api.w.org\/{rel}","templated":true}]}}