{"id":65410,"date":"2019-12-10T10:56:11","date_gmt":"2019-12-10T13:56:11","guid":{"rendered":"https:\/\/eldiariodesanpedro.com.ar\/sitio\/?p=65410"},"modified":"2019-12-10T10:56:17","modified_gmt":"2019-12-10T13:56:17","slug":"baradero-esteban-sanzio-asumio-como-intendente-de-baradero-tenemos-fe-conviccion-y-esperanzas-de-que-vamos-a-desarrollar-la-ciudad-que-queremos","status":"publish","type":"post","link":"https:\/\/eldiariodesanpedro.com.ar\/sitio\/baradero-esteban-sanzio-asumio-como-intendente-de-baradero-tenemos-fe-conviccion-y-esperanzas-de-que-vamos-a-desarrollar-la-ciudad-que-queremos\/","title":{"rendered":"BARADERO | Esteban Sanzio asumi\u00f3 como intendente de baradero \u201ctenemos fe, convicci\u00f2n y esperanzas de que vamos a desarrollar la ciudad que queremos\u201d"},"content":{"rendered":"<!-- VideographyWP Plugin Message: Automatic video embedding prevented by plugin options. -->\n\n<p><strong>Esteban Sanzio asumi\u00f3 como intendente de Baradero: \u201ctenemos fe, convicci\u00f3n y esperanzas de que vamos a desarrollar la ciudad que queremos\u201d<\/strong><\/p>\n\n\n\n<p>En la noche del lunes con un imponente marco de p\u00fablico en la Plaza Mitre, Esteban Sanzio asumi\u00f3 al frente del ejecutivo municipal por cuatro a\u00f1os y asegur\u00f3 que&nbsp;<em>\u201cqueremos derribar la reja que divide a los baraderenses para proyectar y crear el Baradero que queremos para el futuro\u201d.<\/em><\/p>\n\n\n\n<p>Adem\u00e1s del intendente que tom\u00f3 el mando cedido por Fernanda Antonijevic, tambi\u00e9n juraron concejales y consejeros escolares en la sesi\u00f3n del Honorable Concejo Deliberante que fue presidida por Gabriela Herrera.<\/p>\n\n\n\n<p>Vecinas, vecinos y autoridades de la ciudad fueron testigos de una jornada inminente e hist\u00f3rica para la democracia baraderense que reuni\u00f3 buenos \u00e1nimos, aplausos y la esperanza de mejorar y fortalecer la ciudad generando oportunidades para todos y apostando al desarrollo y crecimiento en cada una de las \u00e1reas entendiendo las prioridades.<\/p>\n\n\n\n<p>Los concejales electos fueron los primeros en jurar. Del Frente de Todos lo hizo: Juan Ramos, Rodolfo Lacabanne, Mayra Podest\u00e1, Nicol\u00e1s Moreira Guillermo Paniagua, Mar\u00eda Marta G\u00f3mez, Gonzalo Sant\u00edn y Claudia Vel\u00e1zquez.<\/p>\n\n\n\n<p>En cuanto al bloque de concejales de Juntos por el Cambio, juraron: Mart\u00edn Genoud, Ver\u00f3nica Mira, Claudio Maroli, Mar\u00eda Laura Liaudat, Marcelo Daubi\u00e1n, Virginia Santinelli, Jos\u00e9 Serpi y M\u00f3nica Belli.<\/p>\n\n\n\n<p>Al finalizar la jura, los concejales Juan Ramos, Rodolfo Lacabanne y Nicol\u00e1s Moreira solicitaron la licencia en el concejo para poder realizar las tareas asignadas a las funciones p\u00fablicas. En su lugar, asumieron Cecilia Silva, Guillermo Paniagua y Mar\u00eda Marta G\u00f3mez.<\/p>\n\n\n\n<p>A su vez, se design\u00f3 la nueva presidenta del Honorable Concejo Deliberante, Silvana Iozzia en lugar el lugar que ocup\u00f3 Mart\u00edn C\u00e1rdenas; mientras que Mart\u00edn Genoud ser\u00e1 el vicepresidente primero y Cecilia Silva la vicepresidenta segunda. Carlos Olmos fue designado como secretario.<\/p>\n\n\n\n<p>Previo al discurso del intendente electo, se concret\u00f3 la jura de consejeros escolares: Bruno Di Pasqua, Valeria Leuzzi, Adriana Marchesani y Gast\u00f3n Musante fueron quienes juraron para comprometerse y trabajar incansablemente por la educaci\u00f3n p\u00fablica de la ciudad.<\/p>\n\n\n\n<p><strong>Para concluir la ceremonia, el flamante intendente tom\u00f3 la palabra y expres\u00f3 lo siguiente:<\/strong><\/p>\n\n\n\n<p>Agradecerles profundamente este acompa\u00f1amiento, agradecerles que hayan decidido estar en este momento tan importante para cada uno de los que conformamos este espacio, pero tambi\u00e9n tan importante para cada uno de lo que, desde su lugar, desde su agrupaci\u00f3n, desde su partido pol\u00edtico, se la juegan y discuten en este \u00e1mbito posiciones para mejorar desde su lugar Baradero.<\/p>\n\n\n\n<p>Quer\u00eda agradecerles a los compa\u00f1eros y a las compa\u00f1eras que se han puesto la camiseta de este proyecto y que la han caminado, que la han pateado incansablemente en los \u00faltimos meses para que hoy algunos de nosotros puedan estar sentado en este lugar dirigiendo algunas palabras, agradecerles a los vecinos y a las vecinas que durante el proceso de campa\u00f1a nos permitieron entrar en su casa, tomar unos mates, intercambiar ideas.<\/p>\n\n\n\n<p>A los vecinos que nos acompa\u00f1aron con el voto el d\u00eda de la elecci\u00f3n, pero a m\u00ed con un mensaje muy claro de todos los vecinos que de manera pac\u00edfica y democr\u00e1tica eligieron otra opci\u00f3n que no era nuestro espacio, dejarles un mensaje que vamos a trabajar como lo dijimos siempre para todos los habitantes de Baradero, no importa la ideolog\u00eda pol\u00edtica que abrace, el municipio tiene que ser el eje de contenci\u00f3n de las necesidades que muchas veces tienen nuestros vecinos.<\/p>\n\n\n\n<p>Agradecerles a las familias, a las familias de cada uno de los compa\u00f1eros que integran este espacio porque trabajaron mucho, se pusieron esta campa\u00f1a y esta elecci\u00f3n al hombro, y agradecerle a mi familia porque tambi\u00e9n ha sido muy importante para que hoy pueda estar en este lugar, agradecerles a mis hijos porque muchas veces cuando uno decide ocupar lugares de responsabilidad le quita mucho tiempo que tiene en esos momentos para poder disfrutar con ellos. Agradecerle a mi esposa, a mi fiel compa\u00f1era que sin dudas si no hubiese tenido el acompa\u00f1amiento tampoco esto hubiese sido posible, inclusive agradecerle porque durante la etapa de campa\u00f1a sufri\u00f3 uno de los golpes m\u00e1s duros que a veces te da la vida y eligi\u00f3 sostenerme en los momentos m\u00e1s complejos. Agradecerle a mi vieja, a mis abuelos, a la familia de mi se\u00f1ora que es mi familia y muchas veces resignan un mont\u00f3n de cosas por estas responsabilidades que tenemos.<\/p>\n\n\n\n<p>A mis compa\u00f1eros de SMATA en nombre de Andr\u00e9s de la delegaci\u00f3n de Z\u00e1rate y de Juli\u00e1n que ha hecho un trabajo en todas las delegaciones y que, por los compa\u00f1eros de las delegaciones, sexta regi\u00f3n y todo SMATA ha desarrollado un trabajo pol\u00edtico que ha estado a la altura de las circunstancias. Y agradecerle a nuestro secretario general Ricardo Pignarelli.<\/p>\n\n\n\n<p>Sin dudas, entendemos que es tiempo de agradecimientos porque estos cuatro a\u00f1os a nuestro modo de ver han sido m\u00e1s que complejos, en estos cuatro a\u00f1os mir\u00e1bamos para los costados y ve\u00edamos c\u00f3mo alg\u00fan amigo, pariente o vecino se quedaban sin trabajo, ve\u00edamos cosas que en Baradero no est\u00e1bamos acostumbrados a ver, que familias enteras est\u00e9n metidos adentro de un tacho de basura para poder tener una comida al d\u00eda, entend\u00edamos que se estaban perdiendo algunos valores de la cultura de trabajo para poder forjar la ciudad que todos queremos.<\/p>\n\n\n\n<p>Renovamos la esperanza y la posibilidad de poder tener este frente y este nuevo espacio pol\u00edtico, no es casualidad que elegimos esta plaza porque se cumplen 36 a\u00f1os del retorno de la democracia despu\u00e9s de la dictadura c\u00edvico-militar, y qu\u00e9 mejor que poder reforzarlo, m\u00e1s all\u00e1 de las acciones diarias, jurando al lado de los bustos de Per\u00f3n, de Evita, de Alfons\u00edn y de Illia. Que mejor que jurar en una plaza que representa lo que somos, concepto de que podemos tener discusiones y pensar distinto, podemos tener formaciones pol\u00edticas distintas, pero debemos tener en claro que hay un momento que toda la clase pol\u00edtica se tiene que tomar de la mano y discutir lo que quiere realmente para Baradero. Cuando arranquen las sesiones le vamos a pedir al concejo deliberante que discuta y debata todo lo que tenga que discutir y debatir, que siga siendo la caja de resonancia como fue estos \u00faltimos tiempos de los problemas de la gente, pero tiene que haber un punto de encuentro y entendimiento para poder desarrollar las cosas que son importantes para nuestra ciudad.<\/p>\n\n\n\n<p>Tenemos mucha fe, convicci\u00f3n, esperanzas de que vamos a poder desarrollar el Baradero que queremos, y tambi\u00e9n tenemos la responsabilidad de tener que estar a la altura de las circunstancias, nadie nos oblig\u00f3 a estar en este lugar, a este lugar lo fuimos a buscar entonces debemos tener en claro que el funcionario p\u00fablico no puede servirse de la funci\u00f3n p\u00fablico, que tienen que estar al servicio de la gente como corresponde y a eso lo vamos a militar todos los d\u00edas.<\/p>\n\n\n\n<p>Tenemos la firme convicci\u00f3n de trabajar para desarrollar en Baradero definitivamente el turismo, queremos jerarquizar la salud, queremos reforzar la educaci\u00f3n dejando en claro que fue muy importante lo que hizo esta gesti\u00f3n como se lo dije a la intendenta municipal, personalmente y como lo dijimos en cada uno de los debates cuando tuvimos la oportunidad, tenemos que reforzar la obra que dej\u00f3 la anterior gesti\u00f3n en el Centro Universitario y en la UNSAdA, a pensar al Baradero de 2030 desde esa universidad porque ese es el futuro y lo tenemos que tambi\u00e9n hacer juntos.<\/p>\n\n\n\n<p>Tenemos que reforzar la participaci\u00f3n ciudadana, lograr que los vecinos puedan y quiera incorporarse a trav\u00e9s del presupuesto participativo y decidir lo que quieren con respecto a un porcentaje del presupuesto municipal, tenemos muy en claro que no lo podemos hacer solos, lo tenemos que hacer entre todos los compa\u00f1eros que abracen esta causa; y tambi\u00e9n los compa\u00f1eros y dirigentes que tengan otra formaci\u00f3n pero que se tomen la mano por el bien de Baradero.<\/p>\n\n\n\n<p>Hace un d\u00eda el gobierno nacional, tanto el que se va como el que ingresa, se pusieron de acuerdo para derribar las rejas que cercaban la plaza de mayo, desde este lugar convoco a todas las fuerzas pol\u00edticas que nos juntemos para que derribar la reja que divide a los baraderenses para proyectar y crear el Baradero que queremos para el futuro. Que viva la patria y que viva Baradero.<\/p>\n\n\n\n<p>Fuente: <a href=\"https:\/\/impactobaradero.com\/esteban-sanzio-asumio-como-intendente-de-baradero-tenemos-fe-conviccioan-y-esperanzas-de-que-vamos-a-desarrolar-la-ciudad-que-queremos\/\">Impacto Local<\/a><\/p>\n","protected":false},"excerpt":{"rendered":"<p>Esteban Sanzio asumi\u00f3 como intendente de Baradero: \u201ctenemos fe, convicci\u00f3n y esperanzas de que vamos a desarrollar la ciudad que queremos\u201d En la noche del lunes con un imponente marco de p\u00fablico en la Plaza Mitre, Esteban Sanzio asumi\u00f3 al frente del ejecutivo municipal por cuatro a\u00f1os y asegur\u00f3 que&nbsp;\u201cqueremos derribar la reja que divide [&hellip;]<\/p>\n","protected":false},"author":4,"featured_media":65411,"comment_status":"open","ping_status":"closed","sticky":false,"template":"","format":"standard","meta":{"om_disable_all_campaigns":false,"_jetpack_memberships_contains_paid_content":false,"footnotes":""},"categories":[621],"tags":[780,139,781,127,681],"class_list":["post-65410","post","type-post","status-publish","format-standard","has-post-thumbnail","hentry","category-regionales","tag-asuncion","tag-baradero","tag-esteban-sanzio","tag-intendente","tag-regionales"],"aioseo_notices":[],"gutentor_comment":0,"jetpack_featured_media_url":"https:\/\/eldiariodesanpedro.com.ar\/sitio\/wp-content\/uploads\/2019\/12\/DSC_8259-Copy.jpg","jetpack_shortlink":"https:\/\/wp.me\/p6RhLt-h10","jetpack_sharing_enabled":true,"_links":{"self":[{"href":"https:\/\/eldiariodesanpedro.com.ar\/sitio\/wp-json\/wp\/v2\/posts\/65410","targetHints":{"allow":["GET"]}}],"collection":[{"href":"https:\/\/eldiariodesanpedro.com.ar\/sitio\/wp-json\/wp\/v2\/posts"}],"about":[{"href":"https:\/\/eldiariodesanpedro.com.ar\/sitio\/wp-json\/wp\/v2\/types\/post"}],"author":[{"embeddable":true,"href":"https:\/\/eldiariodesanpedro.com.ar\/sitio\/wp-json\/wp\/v2\/users\/4"}],"replies":[{"embeddable":true,"href":"https:\/\/eldiariodesanpedro.com.ar\/sitio\/wp-json\/wp\/v2\/comments?post=65410"}],"version-history":[{"count":1,"href":"https:\/\/eldiariodesanpedro.com.ar\/sitio\/wp-json\/wp\/v2\/posts\/65410\/revisions"}],"predecessor-version":[{"id":65412,"href":"https:\/\/eldiariodesanpedro.com.ar\/sitio\/wp-json\/wp\/v2\/posts\/65410\/revisions\/65412"}],"wp:featuredmedia":[{"embeddable":true,"href":"https:\/\/eldiariodesanpedro.com.ar\/sitio\/wp-json\/wp\/v2\/media\/65411"}],"wp:attachment":[{"href":"https:\/\/eldiariodesanpedro.com.ar\/sitio\/wp-json\/wp\/v2\/media?parent=65410"}],"wp:term":[{"taxonomy":"category","embeddable":true,"href":"https:\/\/eldiariodesanpedro.com.ar\/sitio\/wp-json\/wp\/v2\/categories?post=65410"},{"taxonomy":"post_tag","embeddable":true,"href":"https:\/\/eldiariodesanpedro.com.ar\/sitio\/wp-json\/wp\/v2\/tags?post=65410"}],"curies":[{"name":"wp","href":"https:\/\/api.w.org\/{rel}","templated":true}]}}