{"id":65381,"date":"2019-12-09T15:59:46","date_gmt":"2019-12-09T18:59:46","guid":{"rendered":"https:\/\/eldiariodesanpedro.com.ar\/sitio\/?p=65381"},"modified":"2019-12-09T15:59:50","modified_gmt":"2019-12-09T18:59:50","slug":"robo-en-una-vivienda-3","status":"publish","type":"post","link":"https:\/\/eldiariodesanpedro.com.ar\/sitio\/robo-en-una-vivienda-3\/","title":{"rendered":"Robo en una vivienda"},"content":{"rendered":"<!-- VideographyWP Plugin Message: Automatic video embedding prevented by plugin options. -->\n\n<p>El dia domingo por la tarde un ciudadano de 30 a\u00f1os se acerc\u00f3 a la comisar\u00eda local donde radic\u00f3 una denuncia, que el d\u00eda s\u00e1bado 22.00 hs, se retira de su domicilio, regresando al d\u00eda siguiente 06:00 hs. donde constata que ignorados tras forzar puerta trasera sustraen electrodom\u00e9sticos varios. <br><\/p>\n","protected":false},"excerpt":{"rendered":"<p>El dia domingo por la tarde un ciudadano de 30 a\u00f1os se acerc\u00f3 a la comisar\u00eda local donde radic\u00f3 una denuncia, que el d\u00eda s\u00e1bado 22.00 hs, se retira de su domicilio, regresando al d\u00eda siguiente 06:00 hs. donde constata que ignorados tras forzar puerta trasera sustraen electrodom\u00e9sticos varios.<\/p>\n","protected":false},"author":4,"featured_media":64991,"comment_status":"open","ping_status":"closed","sticky":false,"template":"","format":"standard","meta":{"om_disable_all_campaigns":false,"_jetpack_memberships_contains_paid_content":false,"footnotes":""},"categories":[2,103],"tags":[],"class_list":["post-65381","post","type-post","status-publish","format-standard","has-post-thumbnail","hentry","category-locales","category-policiales-locales"],"aioseo_notices":[],"gutentor_comment":0,"jetpack_featured_media_url":"https:\/\/eldiariodesanpedro.com.ar\/sitio\/wp-content\/uploads\/2019\/12\/no_zxt7l49wvfjkdd3no_i75jaf1ux91qs8gpatrullero_noche_1_.jpg","jetpack_shortlink":"https:\/\/wp.me\/p6RhLt-h0x","jetpack_sharing_enabled":true,"_links":{"self":[{"href":"https:\/\/eldiariodesanpedro.com.ar\/sitio\/wp-json\/wp\/v2\/posts\/65381","targetHints":{"allow":["GET"]}}],"collection":[{"href":"https:\/\/eldiariodesanpedro.com.ar\/sitio\/wp-json\/wp\/v2\/posts"}],"about":[{"href":"https:\/\/eldiariodesanpedro.com.ar\/sitio\/wp-json\/wp\/v2\/types\/post"}],"author":[{"embeddable":true,"href":"https:\/\/eldiariodesanpedro.com.ar\/sitio\/wp-json\/wp\/v2\/users\/4"}],"replies":[{"embeddable":true,"href":"https:\/\/eldiariodesanpedro.com.ar\/sitio\/wp-json\/wp\/v2\/comments?post=65381"}],"version-history":[{"count":1,"href":"https:\/\/eldiariodesanpedro.com.ar\/sitio\/wp-json\/wp\/v2\/posts\/65381\/revisions"}],"predecessor-version":[{"id":65382,"href":"https:\/\/eldiariodesanpedro.com.ar\/sitio\/wp-json\/wp\/v2\/posts\/65381\/revisions\/65382"}],"wp:featuredmedia":[{"embeddable":true,"href":"https:\/\/eldiariodesanpedro.com.ar\/sitio\/wp-json\/wp\/v2\/media\/64991"}],"wp:attachment":[{"href":"https:\/\/eldiariodesanpedro.com.ar\/sitio\/wp-json\/wp\/v2\/media?parent=65381"}],"wp:term":[{"taxonomy":"category","embeddable":true,"href":"https:\/\/eldiariodesanpedro.com.ar\/sitio\/wp-json\/wp\/v2\/categories?post=65381"},{"taxonomy":"post_tag","embeddable":true,"href":"https:\/\/eldiariodesanpedro.com.ar\/sitio\/wp-json\/wp\/v2\/tags?post=65381"}],"curies":[{"name":"wp","href":"https:\/\/api.w.org\/{rel}","templated":true}]}}