{"id":65378,"date":"2019-12-09T11:33:44","date_gmt":"2019-12-09T14:33:44","guid":{"rendered":"https:\/\/eldiariodesanpedro.com.ar\/sitio\/?p=65378"},"modified":"2019-12-09T11:33:49","modified_gmt":"2019-12-09T14:33:49","slug":"tras-allanamiento-de-urgencia-se-recupero-un-televisor-sustraido","status":"publish","type":"post","link":"https:\/\/eldiariodesanpedro.com.ar\/sitio\/tras-allanamiento-de-urgencia-se-recupero-un-televisor-sustraido\/","title":{"rendered":"Tras allanamiento de urgencia se recuper\u00f3 un televisor sustraido"},"content":{"rendered":"<!-- VideographyWP Plugin Message: Automatic video embedding prevented by plugin options. -->\n\n<p>Luego del hecho d\u00f3nde se cometi\u00f3 el il\u00edcito se permiti\u00f3 reconocer el autor y proceder a una diligencia de allanamiento de urgencia d\u00f3nde se recuper\u00f3 el elemento robado.<\/p>\n\n\n\n<p><br>Personal policial del Gabinete Criminologico,  tras r\u00e1pidas averiguaciones, por hecho de Robo por Efracci\u00f3n en una vivienda de calle Casella,  donde sustraen un TV LCD de 32\u201d color negro Noblex siendo propietaria una femenina de 31 a\u00f1os.<\/p>\n\n\n\n<p>Se procede a una diligencia Allanamiento Urgencia en calle Bozzano y Miguel Porta, fonavi 1,  donde es aprehendido un  masculino de 23 y se recupera el elemento sustra\u00eddo.-UFI 5.-<\/p>\n\n\n\n<figure class=\"wp-block-gallery columns-2 is-cropped wp-block-gallery-1 is-layout-flex wp-block-gallery-is-layout-flex\"><ul class=\"blocks-gallery-grid\"><li class=\"blocks-gallery-item\"><figure><img decoding=\"async\" width=\"1024\" height=\"576\" data-attachment-id=\"65376\" data-permalink=\"https:\/\/eldiariodesanpedro.com.ar\/sitio\/1_img-20191209-wa0004_watermark_lun-_09122019_110153\/\" data-orig-file=\"https:\/\/eldiariodesanpedro.com.ar\/sitio\/wp-content\/uploads\/2019\/12\/1_IMG-20191209-WA0004_watermark_lun._09122019_110153.jpg\" data-orig-size=\"1032,581\" data-comments-opened=\"1\" data-image-meta=\"{&quot;aperture&quot;:&quot;0&quot;,&quot;credit&quot;:&quot;&quot;,&quot;camera&quot;:&quot;&quot;,&quot;caption&quot;:&quot;&quot;,&quot;created_timestamp&quot;:&quot;0&quot;,&quot;copyright&quot;:&quot;&quot;,&quot;focal_length&quot;:&quot;0&quot;,&quot;iso&quot;:&quot;0&quot;,&quot;shutter_speed&quot;:&quot;0&quot;,&quot;title&quot;:&quot;&quot;,&quot;orientation&quot;:&quot;0&quot;}\" data-image-title=\"1_IMG-20191209-WA0004_watermark_lun._09122019_110153\" data-image-description=\"\" data-image-caption=\"\" data-large-file=\"https:\/\/eldiariodesanpedro.com.ar\/sitio\/wp-content\/uploads\/2019\/12\/1_IMG-20191209-WA0004_watermark_lun._09122019_110153-1024x576.jpg\" data-src=\"https:\/\/eldiariodesanpedro.com.ar\/sitio\/wp-content\/uploads\/2019\/12\/1_IMG-20191209-WA0004_watermark_lun._09122019_110153-1024x576.jpg\" alt=\"\" data-id=\"65376\" data-full-url=\"https:\/\/eldiariodesanpedro.com.ar\/sitio\/wp-content\/uploads\/2019\/12\/1_IMG-20191209-WA0004_watermark_lun._09122019_110153.jpg\" data-link=\"https:\/\/eldiariodesanpedro.com.ar\/sitio\/1_img-20191209-wa0004_watermark_lun-_09122019_110153\/\" class=\"wp-image-65376 lazyload\" data-srcset=\"https:\/\/eldiariodesanpedro.com.ar\/sitio\/wp-content\/uploads\/2019\/12\/1_IMG-20191209-WA0004_watermark_lun._09122019_110153-1024x576.jpg 1024w, https:\/\/eldiariodesanpedro.com.ar\/sitio\/wp-content\/uploads\/2019\/12\/1_IMG-20191209-WA0004_watermark_lun._09122019_110153-300x169.jpg 300w, https:\/\/eldiariodesanpedro.com.ar\/sitio\/wp-content\/uploads\/2019\/12\/1_IMG-20191209-WA0004_watermark_lun._09122019_110153-768x432.jpg 768w, https:\/\/eldiariodesanpedro.com.ar\/sitio\/wp-content\/uploads\/2019\/12\/1_IMG-20191209-WA0004_watermark_lun._09122019_110153-800x450.jpg 800w, https:\/\/eldiariodesanpedro.com.ar\/sitio\/wp-content\/uploads\/2019\/12\/1_IMG-20191209-WA0004_watermark_lun._09122019_110153.jpg 1032w\" data-sizes=\"(max-width: 1024px) 100vw, 1024px\" src=\"data:image\/svg+xml;base64,PHN2ZyB3aWR0aD0iMSIgaGVpZ2h0PSIxIiB4bWxucz0iaHR0cDovL3d3dy53My5vcmcvMjAwMC9zdmciPjwvc3ZnPg==\" style=\"--smush-placeholder-width: 1024px; --smush-placeholder-aspect-ratio: 1024\/576;\" \/><\/figure><\/li><li class=\"blocks-gallery-item\"><figure><img decoding=\"async\" width=\"768\" height=\"1024\" data-attachment-id=\"65377\" data-permalink=\"https:\/\/eldiariodesanpedro.com.ar\/sitio\/picsart_12-09-11-03-31\/\" data-orig-file=\"https:\/\/eldiariodesanpedro.com.ar\/sitio\/wp-content\/uploads\/2019\/12\/PicsArt_12-09-11.03.31.jpg\" data-orig-size=\"774,1032\" data-comments-opened=\"1\" data-image-meta=\"{&quot;aperture&quot;:&quot;0&quot;,&quot;credit&quot;:&quot;207085862001102&quot;,&quot;camera&quot;:&quot;&quot;,&quot;caption&quot;:&quot;&quot;,&quot;created_timestamp&quot;:&quot;0&quot;,&quot;copyright&quot;:&quot;&quot;,&quot;focal_length&quot;:&quot;0&quot;,&quot;iso&quot;:&quot;0&quot;,&quot;shutter_speed&quot;:&quot;0&quot;,&quot;title&quot;:&quot;&quot;,&quot;orientation&quot;:&quot;1&quot;}\" data-image-title=\"PicsArt_12-09-11.03.31\" data-image-description=\"\" data-image-caption=\"\" data-large-file=\"https:\/\/eldiariodesanpedro.com.ar\/sitio\/wp-content\/uploads\/2019\/12\/PicsArt_12-09-11.03.31-768x1024.jpg\" data-src=\"https:\/\/eldiariodesanpedro.com.ar\/sitio\/wp-content\/uploads\/2019\/12\/PicsArt_12-09-11.03.31-768x1024.jpg\" alt=\"\" data-id=\"65377\" data-full-url=\"https:\/\/eldiariodesanpedro.com.ar\/sitio\/wp-content\/uploads\/2019\/12\/PicsArt_12-09-11.03.31.jpg\" data-link=\"https:\/\/eldiariodesanpedro.com.ar\/sitio\/picsart_12-09-11-03-31\/\" class=\"wp-image-65377 lazyload\" data-srcset=\"https:\/\/eldiariodesanpedro.com.ar\/sitio\/wp-content\/uploads\/2019\/12\/PicsArt_12-09-11.03.31-768x1024.jpg 768w, https:\/\/eldiariodesanpedro.com.ar\/sitio\/wp-content\/uploads\/2019\/12\/PicsArt_12-09-11.03.31-225x300.jpg 225w, https:\/\/eldiariodesanpedro.com.ar\/sitio\/wp-content\/uploads\/2019\/12\/PicsArt_12-09-11.03.31.jpg 774w\" data-sizes=\"(max-width: 768px) 100vw, 768px\" src=\"data:image\/svg+xml;base64,PHN2ZyB3aWR0aD0iMSIgaGVpZ2h0PSIxIiB4bWxucz0iaHR0cDovL3d3dy53My5vcmcvMjAwMC9zdmciPjwvc3ZnPg==\" style=\"--smush-placeholder-width: 768px; --smush-placeholder-aspect-ratio: 768\/1024;\" \/><\/figure><\/li><\/ul><\/figure>\n","protected":false},"excerpt":{"rendered":"<p>Luego del hecho d\u00f3nde se cometi\u00f3 el il\u00edcito se permiti\u00f3 reconocer el autor y proceder a una diligencia de allanamiento de urgencia d\u00f3nde se recuper\u00f3 el elemento robado. Personal policial del Gabinete Criminologico, tras r\u00e1pidas averiguaciones, por hecho de Robo por Efracci\u00f3n en una vivienda de calle Casella, donde sustraen un TV LCD de 32\u201d [&hellip;]<\/p>\n","protected":false},"author":4,"featured_media":65377,"comment_status":"open","ping_status":"closed","sticky":false,"template":"","format":"standard","meta":{"om_disable_all_campaigns":false,"_jetpack_memberships_contains_paid_content":false,"footnotes":""},"categories":[2,103],"tags":[],"class_list":["post-65378","post","type-post","status-publish","format-standard","has-post-thumbnail","hentry","category-locales","category-policiales-locales"],"aioseo_notices":[],"gutentor_comment":0,"jetpack_featured_media_url":"https:\/\/eldiariodesanpedro.com.ar\/sitio\/wp-content\/uploads\/2019\/12\/PicsArt_12-09-11.03.31.jpg","jetpack_shortlink":"https:\/\/wp.me\/p6RhLt-h0u","jetpack_sharing_enabled":true,"_links":{"self":[{"href":"https:\/\/eldiariodesanpedro.com.ar\/sitio\/wp-json\/wp\/v2\/posts\/65378","targetHints":{"allow":["GET"]}}],"collection":[{"href":"https:\/\/eldiariodesanpedro.com.ar\/sitio\/wp-json\/wp\/v2\/posts"}],"about":[{"href":"https:\/\/eldiariodesanpedro.com.ar\/sitio\/wp-json\/wp\/v2\/types\/post"}],"author":[{"embeddable":true,"href":"https:\/\/eldiariodesanpedro.com.ar\/sitio\/wp-json\/wp\/v2\/users\/4"}],"replies":[{"embeddable":true,"href":"https:\/\/eldiariodesanpedro.com.ar\/sitio\/wp-json\/wp\/v2\/comments?post=65378"}],"version-history":[{"count":1,"href":"https:\/\/eldiariodesanpedro.com.ar\/sitio\/wp-json\/wp\/v2\/posts\/65378\/revisions"}],"predecessor-version":[{"id":65380,"href":"https:\/\/eldiariodesanpedro.com.ar\/sitio\/wp-json\/wp\/v2\/posts\/65378\/revisions\/65380"}],"wp:featuredmedia":[{"embeddable":true,"href":"https:\/\/eldiariodesanpedro.com.ar\/sitio\/wp-json\/wp\/v2\/media\/65377"}],"wp:attachment":[{"href":"https:\/\/eldiariodesanpedro.com.ar\/sitio\/wp-json\/wp\/v2\/media?parent=65378"}],"wp:term":[{"taxonomy":"category","embeddable":true,"href":"https:\/\/eldiariodesanpedro.com.ar\/sitio\/wp-json\/wp\/v2\/categories?post=65378"},{"taxonomy":"post_tag","embeddable":true,"href":"https:\/\/eldiariodesanpedro.com.ar\/sitio\/wp-json\/wp\/v2\/tags?post=65378"}],"curies":[{"name":"wp","href":"https:\/\/api.w.org\/{rel}","templated":true}]}}