{"id":65370,"date":"2019-12-09T10:00:03","date_gmt":"2019-12-09T13:00:03","guid":{"rendered":"https:\/\/eldiariodesanpedro.com.ar\/sitio\/?p=65370"},"modified":"2019-12-09T10:00:47","modified_gmt":"2019-12-09T13:00:47","slug":"exito-total-la-fiesta-del-chopp","status":"publish","type":"post","link":"https:\/\/eldiariodesanpedro.com.ar\/sitio\/exito-total-la-fiesta-del-chopp\/","title":{"rendered":"\u00c9xito total la Fiesta del Chopp"},"content":{"rendered":"<!-- VideographyWP Plugin Message: Automatic video embedding prevented by plugin options. -->\n\n<p>La Plazoleta Fray Cayetano Rodr\u00edguez fue, por segundo a\u00f1o consecutivo, el escenario de la Fiesta del Chopp, con cerveza artesanal, propuestas gastron\u00f3micas variadas, m\u00fasica y baile en vivo. ambas jornadas contaron con una gran concurrencia de p\u00fablico.<\/p>\n\n\n\n<p> Con la presencia de cerveceros locales e invitados de otras partes del pa\u00eds, acompa\u00f1ados por propuestas gastron\u00f3micas variadas, este fin de semana se desarroll\u00f3 en la Plazoleta Fray Cayetano Rodr\u00edguez la segunda edici\u00f3n  de la Fiesta del Chopp.<\/p>\n\n\n\n<p> La gran concurrencia de p\u00fablico en los dos d\u00edas se tradujo en, por ejemplo, puestos gastron\u00f3micos que quedaron sin alimentos para vender ante la demanda permanente. Fue el caso, por ejemplo, de la cantina a cargo de los Bigu\u00e1, que vendieron todas sus opciones comestibles. <\/p>\n\n\n\n<p> El escenario cont\u00f3 adem\u00e1s con la presencia de espect\u00e1culos musicales y de baile tanto locales como de otras partes del pa\u00eds.<\/p>\n\n\n\n<p> El s\u00e1bado comenz\u00f3 a las 18 hs el escenario con la presentaci\u00f3n de la sampedrina Feli Rolfo, continuando con Mila Barcala, Celtic Argentina, Anam Keltoi Folk, Angry Zeta, Polka Rock y el cierre de Sin Direcci\u00f3n. <br> Por su parte el dia domingo pasadas las 13 hs arranc\u00f3 el escenario con la presencia de Dar\u00edo Biscia, luego Meli y Fere, Galgos Band, Fanky Verao, Afrodisiaca, Valum Duo, Leash, Lara iglesias, Ciervo Tapera, Kung Bee y para cerrar con el DJ Juian Alvarez.  <\/p>\n\n\n<p><iframe data-src=\"https:\/\/www.facebook.com\/plugins\/post.php?href=https%3A%2F%2Fwww.facebook.com%2Feldiario.desanpedro%2Fposts%2F1150705395138598&amp;width=500\" width=\"500\" height=\"669\" style=\"border:none;overflow:hidden\" scrolling=\"no\" frameborder=\"0\" allowtransparency=\"true\" allow=\"encrypted-media\" src=\"data:image\/svg+xml;base64,PHN2ZyB3aWR0aD0iMSIgaGVpZ2h0PSIxIiB4bWxucz0iaHR0cDovL3d3dy53My5vcmcvMjAwMC9zdmciPjwvc3ZnPg==\" class=\"lazyload\" data-load-mode=\"1\"><\/iframe><\/p>","protected":false},"excerpt":{"rendered":"<p>La Plazoleta Fray Cayetano Rodr\u00edguez fue, por segundo a\u00f1o consecutivo, el escenario de la Fiesta del Chopp, con cerveza artesanal, propuestas gastron\u00f3micas variadas, m\u00fasica y baile en vivo. ambas jornadas contaron con una gran concurrencia de p\u00fablico. Con la presencia de cerveceros locales e invitados de otras partes del pa\u00eds, acompa\u00f1ados por propuestas gastron\u00f3micas variadas, [&hellip;]<\/p>\n","protected":false},"author":4,"featured_media":65372,"comment_status":"open","ping_status":"closed","sticky":false,"template":"","format":"standard","meta":{"om_disable_all_campaigns":false,"_jetpack_memberships_contains_paid_content":false,"footnotes":""},"categories":[50,101,2],"tags":[197,775],"class_list":["post-65370","post","type-post","status-publish","format-standard","has-post-thumbnail","hentry","category-destacadas","category-interes-general-locales","category-locales","tag-buenos-aires","tag-fiesta-del-chopp"],"aioseo_notices":[],"gutentor_comment":0,"jetpack_featured_media_url":"https:\/\/eldiariodesanpedro.com.ar\/sitio\/wp-content\/uploads\/2019\/12\/DSC_0166_1.jpg","jetpack_shortlink":"https:\/\/wp.me\/p6RhLt-h0m","jetpack_sharing_enabled":true,"_links":{"self":[{"href":"https:\/\/eldiariodesanpedro.com.ar\/sitio\/wp-json\/wp\/v2\/posts\/65370","targetHints":{"allow":["GET"]}}],"collection":[{"href":"https:\/\/eldiariodesanpedro.com.ar\/sitio\/wp-json\/wp\/v2\/posts"}],"about":[{"href":"https:\/\/eldiariodesanpedro.com.ar\/sitio\/wp-json\/wp\/v2\/types\/post"}],"author":[{"embeddable":true,"href":"https:\/\/eldiariodesanpedro.com.ar\/sitio\/wp-json\/wp\/v2\/users\/4"}],"replies":[{"embeddable":true,"href":"https:\/\/eldiariodesanpedro.com.ar\/sitio\/wp-json\/wp\/v2\/comments?post=65370"}],"version-history":[{"count":1,"href":"https:\/\/eldiariodesanpedro.com.ar\/sitio\/wp-json\/wp\/v2\/posts\/65370\/revisions"}],"predecessor-version":[{"id":65375,"href":"https:\/\/eldiariodesanpedro.com.ar\/sitio\/wp-json\/wp\/v2\/posts\/65370\/revisions\/65375"}],"wp:featuredmedia":[{"embeddable":true,"href":"https:\/\/eldiariodesanpedro.com.ar\/sitio\/wp-json\/wp\/v2\/media\/65372"}],"wp:attachment":[{"href":"https:\/\/eldiariodesanpedro.com.ar\/sitio\/wp-json\/wp\/v2\/media?parent=65370"}],"wp:term":[{"taxonomy":"category","embeddable":true,"href":"https:\/\/eldiariodesanpedro.com.ar\/sitio\/wp-json\/wp\/v2\/categories?post=65370"},{"taxonomy":"post_tag","embeddable":true,"href":"https:\/\/eldiariodesanpedro.com.ar\/sitio\/wp-json\/wp\/v2\/tags?post=65370"}],"curies":[{"name":"wp","href":"https:\/\/api.w.org\/{rel}","templated":true}]}}