{"id":65360,"date":"2019-12-09T09:42:28","date_gmt":"2019-12-09T12:42:28","guid":{"rendered":"https:\/\/eldiariodesanpedro.com.ar\/sitio\/?p=65360"},"modified":"2019-12-09T09:42:33","modified_gmt":"2019-12-09T12:42:33","slug":"mar-del-plata-operario-sampedrino-murio-tras-caer-al-mar","status":"publish","type":"post","link":"https:\/\/eldiariodesanpedro.com.ar\/sitio\/mar-del-plata-operario-sampedrino-murio-tras-caer-al-mar\/","title":{"rendered":"Mar del Plata: Operario sampedrino muri\u00f3 tras caer al mar"},"content":{"rendered":"<!-- VideographyWP Plugin Message: Automatic video embedding prevented by plugin options. -->\n\n<p> Lo confirmaron directivos del gremio Saonsimra. Esta semana se hab\u00eda accidentado un estibador, que cay\u00f3 desde un buque porta contenedores <\/p>\n\n\n\n<p>Se trata de Osvaldo Nicol\u00e1s Montero, de 31 a\u00f1os tras realizar tareas de mantenimiento el\u00e9ctrico en un buque amarrado en el puerto.<\/p>\n\n\n\n<p>Un operario naval, que se aprestaba a realizar tareas de mantenimiento el\u00e9ctrico en un buque amarrado en el puerto local,\u00a0muri\u00f3 al caer al agua\u00a0luego de una maniobra cuyos detalles no est\u00e1n claros y son motivo de investigaci\u00f3n judicial.<\/p>\n\n\n\n<p>El Sindicato de Obreros Navales y Servicios de la Industria Naval de la Rep\u00fablica Argentina (Saonsinra) confirm\u00f3 mediante un comunicado el fallecimiento de&nbsp;Osvaldo Nicol\u00e1s Montero,&nbsp;de 31 a\u00f1os, que trabajaba para la firma&nbsp;Ingelesco SRL.<\/p>\n\n\n\n<p>Montero estaba realizando tareas de mantenimiento cuando se produjo el accidente, que lo llev\u00f3 a caer al mar desde la cubierta de un buque pesquero. Desde all\u00ed fue rescatado por personal que se hallaba en el lugar y luego asistido por un equipo m\u00e9dico que tiene presencia permanente en jurisdicci\u00f3n portuaria.<\/p>\n\n\n\n<p>Prefectura Naval tom\u00f3 intervenci\u00f3n en el caso&nbsp;e instruye actuaciones que ser\u00e1n parte de la causa judicial que se abre a partir de este caso fatal.<\/p>\n\n\n\n<p>El gremio, en raz\u00f3n de esta tragedia, dispuso que todos los trabajadores navales cesen de manera inmediata sus tareas y se considere como jornada de duelo el&nbsp;s\u00e1bado.<\/p>\n\n\n\n<p>El lunes, en sector de muelle de ultramar, se realizar\u00e1 una asamblea para analizar lo ocurrido, cu\u00e1les fueron los motivos y en particular definir pasos a seguir para que se garanticen todas las medidas de seguridad necesarias para los trabajadores que se desempe\u00f1an en esta terminal mar\u00edtima y sus adyacencias.<\/p>\n\n\n\n<p>Fuente: Ahora Mar del Plata<\/p>\n","protected":false},"excerpt":{"rendered":"<p>Lo confirmaron directivos del gremio Saonsimra. Esta semana se hab\u00eda accidentado un estibador, que cay\u00f3 desde un buque porta contenedores Se trata de Osvaldo Nicol\u00e1s Montero, de 31 a\u00f1os tras realizar tareas de mantenimiento el\u00e9ctrico en un buque amarrado en el puerto. Un operario naval, que se aprestaba a realizar tareas de mantenimiento el\u00e9ctrico en [&hellip;]<\/p>\n","protected":false},"author":4,"featured_media":65361,"comment_status":"open","ping_status":"closed","sticky":false,"template":"","format":"standard","meta":{"om_disable_all_campaigns":false,"_jetpack_memberships_contains_paid_content":false,"footnotes":""},"categories":[101,2],"tags":[],"class_list":["post-65360","post","type-post","status-publish","format-standard","has-post-thumbnail","hentry","category-interes-general-locales","category-locales"],"aioseo_notices":[],"gutentor_comment":0,"jetpack_featured_media_url":"https:\/\/eldiariodesanpedro.com.ar\/sitio\/wp-content\/uploads\/2019\/12\/000081396.jpg","jetpack_shortlink":"https:\/\/wp.me\/p6RhLt-h0c","jetpack_sharing_enabled":true,"_links":{"self":[{"href":"https:\/\/eldiariodesanpedro.com.ar\/sitio\/wp-json\/wp\/v2\/posts\/65360","targetHints":{"allow":["GET"]}}],"collection":[{"href":"https:\/\/eldiariodesanpedro.com.ar\/sitio\/wp-json\/wp\/v2\/posts"}],"about":[{"href":"https:\/\/eldiariodesanpedro.com.ar\/sitio\/wp-json\/wp\/v2\/types\/post"}],"author":[{"embeddable":true,"href":"https:\/\/eldiariodesanpedro.com.ar\/sitio\/wp-json\/wp\/v2\/users\/4"}],"replies":[{"embeddable":true,"href":"https:\/\/eldiariodesanpedro.com.ar\/sitio\/wp-json\/wp\/v2\/comments?post=65360"}],"version-history":[{"count":1,"href":"https:\/\/eldiariodesanpedro.com.ar\/sitio\/wp-json\/wp\/v2\/posts\/65360\/revisions"}],"predecessor-version":[{"id":65362,"href":"https:\/\/eldiariodesanpedro.com.ar\/sitio\/wp-json\/wp\/v2\/posts\/65360\/revisions\/65362"}],"wp:featuredmedia":[{"embeddable":true,"href":"https:\/\/eldiariodesanpedro.com.ar\/sitio\/wp-json\/wp\/v2\/media\/65361"}],"wp:attachment":[{"href":"https:\/\/eldiariodesanpedro.com.ar\/sitio\/wp-json\/wp\/v2\/media?parent=65360"}],"wp:term":[{"taxonomy":"category","embeddable":true,"href":"https:\/\/eldiariodesanpedro.com.ar\/sitio\/wp-json\/wp\/v2\/categories?post=65360"},{"taxonomy":"post_tag","embeddable":true,"href":"https:\/\/eldiariodesanpedro.com.ar\/sitio\/wp-json\/wp\/v2\/tags?post=65360"}],"curies":[{"name":"wp","href":"https:\/\/api.w.org\/{rel}","templated":true}]}}