{"id":65351,"date":"2019-12-09T09:00:28","date_gmt":"2019-12-09T12:00:28","guid":{"rendered":"https:\/\/eldiariodesanpedro.com.ar\/sitio\/?p=65351"},"modified":"2019-12-09T09:00:33","modified_gmt":"2019-12-09T12:00:33","slug":"descubren-mas-de-50-piezas-fosiles-de-una-antiguedad-superior-a-los-200-mil-anos","status":"publish","type":"post","link":"https:\/\/eldiariodesanpedro.com.ar\/sitio\/descubren-mas-de-50-piezas-fosiles-de-una-antiguedad-superior-a-los-200-mil-anos\/","title":{"rendered":"Descubren mas de 50 piezas f\u00f3siles de una antig\u00fcedad superior a los 200 mil a\u00f1os"},"content":{"rendered":"<!-- VideographyWP Plugin Message: Automatic video embedding prevented by plugin options. -->\n\n<p>El descubrimiento de una <strong>asociaci\u00f3n de fauna f\u00f3sil<\/strong> cuya antig\u00fcedad se estima superior a los\n200.000 a\u00f1os, fue realizado por el equipo del Museo Paleontol\u00f3gico de San\nPedro, a unos 10 kil\u00f3metros al Este de la ciudad.<\/p>\n\n\n\n<p>El sitio del hallazgo, conocido como Campo\nSp\u00f3sito, tiene la particularidad de haber sido el fondo de un r\u00edo durante la\nprehistoria de la zona. All\u00ed, lograron preservarse los abundantes materiales\ndescubiertos recientemente por el grupo del Museo.<\/p>\n\n\n\n<p>Los restos f\u00f3siles hallados pertenecieron a\ndiferentes mam\u00edferos que vivieron y murieron en ese antiguo ecosistema. Los m\u00e1s\nnumerosos son los restos de <strong>toxodontes<\/strong>\n(<em>Toxodon platensis<\/em>), grandes\nherb\u00edvoros de aspecto similar al de un hipop\u00f3tamo actual. Estos animales, de\nuna masa corporal que superaba los 1.000 kilogramos, pose\u00edan una estructura\nf\u00edsica compacta, con huesos grandes y poderosos para soportar un volumen\nmuscular importante.<\/p>\n\n\n\n<p>Otros restos recuperados corresponden a <strong>lestodontes<\/strong> (<em>Lestodon armatus<\/em>), perezosos terrestres gigantes cuya longitud se\nestima en unos 4 metros de largo y un peso que superaba las 2 toneladas. Los\nlestodontes pose\u00edan grandes caninos que sal\u00edan a ambos lados de su boca que les\nserv\u00edan como armas de defensa. <strong>Garras<\/strong>\nde estos animales recuperadas en el sitio superan los 20 cm de longitud.<\/p>\n\n\n\n<p>Entre el c\u00famulo de restos f\u00f3siles se hallaron,\nadem\u00e1s, piezas de <strong>morenelaphus<\/strong>\n(Morenelaphus sp.), ciervos de tama\u00f1o mediano a grande cuya presencia est\u00e1\ndocumentada por la aparici\u00f3n de cornamentas, partes de algunas extremidades,\nramas mandibulares y dos cr\u00e1neos; uno de ellos, muy bien preservado. <\/p>\n\n\n\n<p>Se recuperaron, adem\u00e1s, restos f\u00f3siles de dos\nespecies de caballos: <strong>Equus <\/strong>(que es\nel caballo que conocemos en nuestros d\u00edas) e <strong>Hippidion<\/strong> (un caballo algo m\u00e1s bajo, de aspecto similar a una cebra\nactual). Los restos extra\u00eddos corresponden a varios ejemplares.<\/p>\n\n\n\n<p>De acuerdo a las consideraciones vertidas desde el <strong>Grupo Conservacionista de F\u00f3siles<\/strong>, equipo del Museo Paleontol\u00f3gico de San Pedro, \u201c<em>todo este material fue hallado acumulado en un sector muy reducido que estamos investigando en estas semanas.<\/em> <em>Este descubrimiento, junto a otros que venimos efectuando en la zona, nos permiten armar una imagen bastante aproximada acerca de c\u00f3mo fueron cambiando los h\u00e1bitats y las asociaciones de fauna durante el Pleistoceno medio a tard\u00edo, conociendo\u00a0 directamente a los animales que habitaron la regi\u00f3n, sus preferencias ambientales y sus caracter\u00edsticas f\u00edsicas. <\/em><\/p>\n\n\n\n<p><em>Entre los\nrestos descubiertos hay un <strong>gran f\u00e9mur<\/strong>\nen excelente estado de conservaci\u00f3n que nos permitir\u00e1 conocer la masa de ese\nejemplar y su velocidad de desplazamiento. Con respecto a los caballos f\u00f3siles,\nconsideramos que est\u00e1n entre los ejemplares <strong>m\u00e1s antiguos del pa\u00eds<\/strong> ya que se recuperaron de una edad geol\u00f3gica\nen la que pr\u00e1cticamente se desconoc\u00eda su presencia. <\/em><\/p>\n\n\n\n<p><em>Resulta muy interesante ver la convivencia de especies tan diferentes entre s\u00ed, en un ambiente de verdes praderas surcado por un r\u00edo prehist\u00f3rico\u201d<\/em>. <\/p>\n\n\n\n<figure class=\"wp-block-gallery columns-3 is-cropped wp-block-gallery-1 is-layout-flex wp-block-gallery-is-layout-flex\"><ul class=\"blocks-gallery-grid\"><li class=\"blocks-gallery-item\"><figure><img decoding=\"async\" width=\"960\" height=\"540\" data-attachment-id=\"65352\" data-permalink=\"https:\/\/eldiariodesanpedro.com.ar\/sitio\/descubren-mas-de-50-piezas-fosiles-de-una-antiguedad-superior-a-los-200-mil-anos\/diente-de-toxodonte\/\" data-orig-file=\"https:\/\/eldiariodesanpedro.com.ar\/sitio\/wp-content\/uploads\/2019\/12\/DIENTE-DE-TOXODONTE.jpg\" data-orig-size=\"960,540\" data-comments-opened=\"1\" data-image-meta=\"{&quot;aperture&quot;:&quot;0&quot;,&quot;credit&quot;:&quot;&quot;,&quot;camera&quot;:&quot;&quot;,&quot;caption&quot;:&quot;&quot;,&quot;created_timestamp&quot;:&quot;0&quot;,&quot;copyright&quot;:&quot;&quot;,&quot;focal_length&quot;:&quot;0&quot;,&quot;iso&quot;:&quot;0&quot;,&quot;shutter_speed&quot;:&quot;0&quot;,&quot;title&quot;:&quot;&quot;,&quot;orientation&quot;:&quot;0&quot;}\" data-image-title=\"DIENTE-DE-TOXODONTE\" data-image-description=\"\" data-image-caption=\"\" data-large-file=\"https:\/\/eldiariodesanpedro.com.ar\/sitio\/wp-content\/uploads\/2019\/12\/DIENTE-DE-TOXODONTE.jpg\" data-src=\"https:\/\/eldiariodesanpedro.com.ar\/sitio\/wp-content\/uploads\/2019\/12\/DIENTE-DE-TOXODONTE.jpg\" alt=\"\" data-id=\"65352\" data-full-url=\"https:\/\/i1.wp.com\/eldiariodesanpedro.com.ar\/sitio\/wp-content\/uploads\/2019\/12\/DIENTE-DE-TOXODONTE.jpg?fit=960%2C540\" data-link=\"https:\/\/eldiariodesanpedro.com.ar\/sitio\/?attachment_id=65352\" class=\"wp-image-65352 lazyload\" data-srcset=\"https:\/\/eldiariodesanpedro.com.ar\/sitio\/wp-content\/uploads\/2019\/12\/DIENTE-DE-TOXODONTE.jpg 960w, https:\/\/eldiariodesanpedro.com.ar\/sitio\/wp-content\/uploads\/2019\/12\/DIENTE-DE-TOXODONTE-300x169.jpg 300w, https:\/\/eldiariodesanpedro.com.ar\/sitio\/wp-content\/uploads\/2019\/12\/DIENTE-DE-TOXODONTE-768x432.jpg 768w, https:\/\/eldiariodesanpedro.com.ar\/sitio\/wp-content\/uploads\/2019\/12\/DIENTE-DE-TOXODONTE-800x450.jpg 800w\" data-sizes=\"(max-width: 960px) 100vw, 960px\" src=\"data:image\/svg+xml;base64,PHN2ZyB3aWR0aD0iMSIgaGVpZ2h0PSIxIiB4bWxucz0iaHR0cDovL3d3dy53My5vcmcvMjAwMC9zdmciPjwvc3ZnPg==\" style=\"--smush-placeholder-width: 960px; --smush-placeholder-aspect-ratio: 960\/540;\" \/><\/figure><\/li><li class=\"blocks-gallery-item\"><figure><img decoding=\"async\" width=\"539\" height=\"960\" data-attachment-id=\"65353\" data-permalink=\"https:\/\/eldiariodesanpedro.com.ar\/sitio\/descubren-mas-de-50-piezas-fosiles-de-una-antiguedad-superior-a-los-200-mil-anos\/femur-de-toxodonte\/\" data-orig-file=\"https:\/\/eldiariodesanpedro.com.ar\/sitio\/wp-content\/uploads\/2019\/12\/F\u00c9MUR-DE-TOXODONTE.jpg\" data-orig-size=\"539,960\" data-comments-opened=\"1\" data-image-meta=\"{&quot;aperture&quot;:&quot;0&quot;,&quot;credit&quot;:&quot;&quot;,&quot;camera&quot;:&quot;&quot;,&quot;caption&quot;:&quot;&quot;,&quot;created_timestamp&quot;:&quot;0&quot;,&quot;copyright&quot;:&quot;&quot;,&quot;focal_length&quot;:&quot;0&quot;,&quot;iso&quot;:&quot;0&quot;,&quot;shutter_speed&quot;:&quot;0&quot;,&quot;title&quot;:&quot;&quot;,&quot;orientation&quot;:&quot;0&quot;}\" data-image-title=\"F\u00c9MUR-DE-TOXODONTE\" data-image-description=\"\" data-image-caption=\"\" data-large-file=\"https:\/\/eldiariodesanpedro.com.ar\/sitio\/wp-content\/uploads\/2019\/12\/F\u00c9MUR-DE-TOXODONTE.jpg\" data-src=\"https:\/\/eldiariodesanpedro.com.ar\/sitio\/wp-content\/uploads\/2019\/12\/F\u00c9MUR-DE-TOXODONTE.jpg\" alt=\"\" data-id=\"65353\" data-full-url=\"https:\/\/i1.wp.com\/eldiariodesanpedro.com.ar\/sitio\/wp-content\/uploads\/2019\/12\/F\u00c9MUR-DE-TOXODONTE.jpg?fit=539%2C960\" data-link=\"https:\/\/eldiariodesanpedro.com.ar\/sitio\/?attachment_id=65353\" class=\"wp-image-65353 lazyload\" data-srcset=\"https:\/\/eldiariodesanpedro.com.ar\/sitio\/wp-content\/uploads\/2019\/12\/F\u00c9MUR-DE-TOXODONTE.jpg 539w, https:\/\/eldiariodesanpedro.com.ar\/sitio\/wp-content\/uploads\/2019\/12\/F\u00c9MUR-DE-TOXODONTE-168x300.jpg 168w\" data-sizes=\"(max-width: 539px) 100vw, 539px\" src=\"data:image\/svg+xml;base64,PHN2ZyB3aWR0aD0iMSIgaGVpZ2h0PSIxIiB4bWxucz0iaHR0cDovL3d3dy53My5vcmcvMjAwMC9zdmciPjwvc3ZnPg==\" style=\"--smush-placeholder-width: 539px; --smush-placeholder-aspect-ratio: 539\/960;\" \/><\/figure><\/li><li class=\"blocks-gallery-item\"><figure><img decoding=\"async\" width=\"2560\" height=\"1440\" data-attachment-id=\"65354\" data-permalink=\"https:\/\/eldiariodesanpedro.com.ar\/sitio\/descubren-mas-de-50-piezas-fosiles-de-una-antiguedad-superior-a-los-200-mil-anos\/img_20190723_155147\/\" data-orig-file=\"https:\/\/eldiariodesanpedro.com.ar\/sitio\/wp-content\/uploads\/2019\/12\/IMG_20190723_155147.jpg\" data-orig-size=\"2560,1440\" data-comments-opened=\"1\" data-image-meta=\"{&quot;aperture&quot;:&quot;2.4&quot;,&quot;credit&quot;:&quot;&quot;,&quot;camera&quot;:&quot;LG-X230&quot;,&quot;caption&quot;:&quot;&quot;,&quot;created_timestamp&quot;:&quot;1563897107&quot;,&quot;copyright&quot;:&quot;&quot;,&quot;focal_length&quot;:&quot;3.5&quot;,&quot;iso&quot;:&quot;120&quot;,&quot;shutter_speed&quot;:&quot;0.003873&quot;,&quot;title&quot;:&quot;&quot;,&quot;orientation&quot;:&quot;1&quot;}\" data-image-title=\"IMG_20190723_155147\" data-image-description=\"\" data-image-caption=\"\" data-large-file=\"https:\/\/eldiariodesanpedro.com.ar\/sitio\/wp-content\/uploads\/2019\/12\/IMG_20190723_155147-1024x576.jpg\" data-src=\"https:\/\/i1.wp.com\/eldiariodesanpedro.com.ar\/sitio\/wp-content\/uploads\/2019\/12\/IMG_20190723_155147.jpg?fit=640%2C360\" alt=\"\" data-id=\"65354\" data-full-url=\"https:\/\/i1.wp.com\/eldiariodesanpedro.com.ar\/sitio\/wp-content\/uploads\/2019\/12\/IMG_20190723_155147.jpg?fit=2560%2C1440\" data-link=\"https:\/\/eldiariodesanpedro.com.ar\/sitio\/?attachment_id=65354\" class=\"wp-image-65354 lazyload\" data-srcset=\"https:\/\/eldiariodesanpedro.com.ar\/sitio\/wp-content\/uploads\/2019\/12\/IMG_20190723_155147.jpg 2560w, https:\/\/eldiariodesanpedro.com.ar\/sitio\/wp-content\/uploads\/2019\/12\/IMG_20190723_155147-300x169.jpg 300w, https:\/\/eldiariodesanpedro.com.ar\/sitio\/wp-content\/uploads\/2019\/12\/IMG_20190723_155147-1024x576.jpg 1024w, https:\/\/eldiariodesanpedro.com.ar\/sitio\/wp-content\/uploads\/2019\/12\/IMG_20190723_155147-768x432.jpg 768w, https:\/\/eldiariodesanpedro.com.ar\/sitio\/wp-content\/uploads\/2019\/12\/IMG_20190723_155147-1536x864.jpg 1536w, https:\/\/eldiariodesanpedro.com.ar\/sitio\/wp-content\/uploads\/2019\/12\/IMG_20190723_155147-2048x1152.jpg 2048w, https:\/\/eldiariodesanpedro.com.ar\/sitio\/wp-content\/uploads\/2019\/12\/IMG_20190723_155147-800x450.jpg 800w\" data-sizes=\"(max-width: 2560px) 100vw, 2560px\" src=\"data:image\/svg+xml;base64,PHN2ZyB3aWR0aD0iMSIgaGVpZ2h0PSIxIiB4bWxucz0iaHR0cDovL3d3dy53My5vcmcvMjAwMC9zdmciPjwvc3ZnPg==\" style=\"--smush-placeholder-width: 2560px; --smush-placeholder-aspect-ratio: 2560\/1440;\" \/><\/figure><\/li><li class=\"blocks-gallery-item\"><figure><img decoding=\"async\" width=\"1440\" height=\"2560\" data-attachment-id=\"65355\" data-permalink=\"https:\/\/eldiariodesanpedro.com.ar\/sitio\/descubren-mas-de-50-piezas-fosiles-de-una-antiguedad-superior-a-los-200-mil-anos\/img_20190917_163316\/\" data-orig-file=\"https:\/\/eldiariodesanpedro.com.ar\/sitio\/wp-content\/uploads\/2019\/12\/IMG_20190917_163316-scaled.jpg\" data-orig-size=\"1440,2560\" data-comments-opened=\"1\" data-image-meta=\"{&quot;aperture&quot;:&quot;2&quot;,&quot;credit&quot;:&quot;&quot;,&quot;camera&quot;:&quot;LG-X230&quot;,&quot;caption&quot;:&quot;&quot;,&quot;created_timestamp&quot;:&quot;1568737996&quot;,&quot;copyright&quot;:&quot;&quot;,&quot;focal_length&quot;:&quot;3.5&quot;,&quot;iso&quot;:&quot;128&quot;,&quot;shutter_speed&quot;:&quot;0.000436&quot;,&quot;title&quot;:&quot;&quot;,&quot;orientation&quot;:&quot;1&quot;}\" data-image-title=\"IMG_20190917_163316\" data-image-description=\"\" data-image-caption=\"\" data-large-file=\"https:\/\/eldiariodesanpedro.com.ar\/sitio\/wp-content\/uploads\/2019\/12\/IMG_20190917_163316-576x1024.jpg\" data-src=\"https:\/\/i1.wp.com\/eldiariodesanpedro.com.ar\/sitio\/wp-content\/uploads\/2019\/12\/IMG_20190917_163316-scaled.jpg?fit=576%2C1024\" alt=\"\" data-id=\"65355\" data-full-url=\"https:\/\/i1.wp.com\/eldiariodesanpedro.com.ar\/sitio\/wp-content\/uploads\/2019\/12\/IMG_20190917_163316-scaled.jpg?fit=1440%2C2560\" data-link=\"https:\/\/eldiariodesanpedro.com.ar\/sitio\/?attachment_id=65355\" class=\"wp-image-65355 lazyload\" data-srcset=\"https:\/\/eldiariodesanpedro.com.ar\/sitio\/wp-content\/uploads\/2019\/12\/IMG_20190917_163316-scaled.jpg 1440w, https:\/\/eldiariodesanpedro.com.ar\/sitio\/wp-content\/uploads\/2019\/12\/IMG_20190917_163316-169x300.jpg 169w, https:\/\/eldiariodesanpedro.com.ar\/sitio\/wp-content\/uploads\/2019\/12\/IMG_20190917_163316-576x1024.jpg 576w, https:\/\/eldiariodesanpedro.com.ar\/sitio\/wp-content\/uploads\/2019\/12\/IMG_20190917_163316-768x1365.jpg 768w, https:\/\/eldiariodesanpedro.com.ar\/sitio\/wp-content\/uploads\/2019\/12\/IMG_20190917_163316-864x1536.jpg 864w, https:\/\/eldiariodesanpedro.com.ar\/sitio\/wp-content\/uploads\/2019\/12\/IMG_20190917_163316-1152x2048.jpg 1152w\" data-sizes=\"(max-width: 1440px) 100vw, 1440px\" src=\"data:image\/svg+xml;base64,PHN2ZyB3aWR0aD0iMSIgaGVpZ2h0PSIxIiB4bWxucz0iaHR0cDovL3d3dy53My5vcmcvMjAwMC9zdmciPjwvc3ZnPg==\" style=\"--smush-placeholder-width: 1440px; --smush-placeholder-aspect-ratio: 1440\/2560;\" \/><\/figure><\/li><li class=\"blocks-gallery-item\"><figure><img decoding=\"async\" width=\"1251\" height=\"1080\" data-attachment-id=\"65356\" data-permalink=\"https:\/\/eldiariodesanpedro.com.ar\/sitio\/descubren-mas-de-50-piezas-fosiles-de-una-antiguedad-superior-a-los-200-mil-anos\/img_20190917_191429_395\/\" data-orig-file=\"https:\/\/eldiariodesanpedro.com.ar\/sitio\/wp-content\/uploads\/2019\/12\/IMG_20190917_191429_395.jpg\" data-orig-size=\"1251,1080\" data-comments-opened=\"1\" data-image-meta=\"{&quot;aperture&quot;:&quot;2&quot;,&quot;credit&quot;:&quot;&quot;,&quot;camera&quot;:&quot;LG-X230&quot;,&quot;caption&quot;:&quot;&quot;,&quot;created_timestamp&quot;:&quot;1568739440&quot;,&quot;copyright&quot;:&quot;&quot;,&quot;focal_length&quot;:&quot;3.5&quot;,&quot;iso&quot;:&quot;130&quot;,&quot;shutter_speed&quot;:&quot;0.00041&quot;,&quot;title&quot;:&quot;&quot;,&quot;orientation&quot;:&quot;1&quot;}\" data-image-title=\"IMG_20190917_191429_395\" data-image-description=\"\" data-image-caption=\"\" data-large-file=\"https:\/\/eldiariodesanpedro.com.ar\/sitio\/wp-content\/uploads\/2019\/12\/IMG_20190917_191429_395-1024x884.jpg\" data-src=\"https:\/\/i1.wp.com\/eldiariodesanpedro.com.ar\/sitio\/wp-content\/uploads\/2019\/12\/IMG_20190917_191429_395.jpg?fit=640%2C553\" alt=\"\" data-id=\"65356\" data-full-url=\"https:\/\/i1.wp.com\/eldiariodesanpedro.com.ar\/sitio\/wp-content\/uploads\/2019\/12\/IMG_20190917_191429_395.jpg?fit=1251%2C1080\" data-link=\"https:\/\/eldiariodesanpedro.com.ar\/sitio\/?attachment_id=65356\" class=\"wp-image-65356 lazyload\" data-srcset=\"https:\/\/eldiariodesanpedro.com.ar\/sitio\/wp-content\/uploads\/2019\/12\/IMG_20190917_191429_395.jpg 1251w, https:\/\/eldiariodesanpedro.com.ar\/sitio\/wp-content\/uploads\/2019\/12\/IMG_20190917_191429_395-300x259.jpg 300w, https:\/\/eldiariodesanpedro.com.ar\/sitio\/wp-content\/uploads\/2019\/12\/IMG_20190917_191429_395-1024x884.jpg 1024w, https:\/\/eldiariodesanpedro.com.ar\/sitio\/wp-content\/uploads\/2019\/12\/IMG_20190917_191429_395-768x663.jpg 768w\" data-sizes=\"(max-width: 1251px) 100vw, 1251px\" src=\"data:image\/svg+xml;base64,PHN2ZyB3aWR0aD0iMSIgaGVpZ2h0PSIxIiB4bWxucz0iaHR0cDovL3d3dy53My5vcmcvMjAwMC9zdmciPjwvc3ZnPg==\" style=\"--smush-placeholder-width: 1251px; --smush-placeholder-aspect-ratio: 1251\/1080;\" \/><\/figure><\/li><li class=\"blocks-gallery-item\"><figure><img decoding=\"async\" width=\"1152\" height=\"648\" data-attachment-id=\"65357\" data-permalink=\"https:\/\/eldiariodesanpedro.com.ar\/sitio\/descubren-mas-de-50-piezas-fosiles-de-una-antiguedad-superior-a-los-200-mil-anos\/img-20191125-wa0063\/\" data-orig-file=\"https:\/\/eldiariodesanpedro.com.ar\/sitio\/wp-content\/uploads\/2019\/12\/IMG-20191125-WA0063.jpg\" data-orig-size=\"1152,648\" data-comments-opened=\"1\" data-image-meta=\"{&quot;aperture&quot;:&quot;0&quot;,&quot;credit&quot;:&quot;&quot;,&quot;camera&quot;:&quot;&quot;,&quot;caption&quot;:&quot;&quot;,&quot;created_timestamp&quot;:&quot;0&quot;,&quot;copyright&quot;:&quot;&quot;,&quot;focal_length&quot;:&quot;0&quot;,&quot;iso&quot;:&quot;0&quot;,&quot;shutter_speed&quot;:&quot;0&quot;,&quot;title&quot;:&quot;&quot;,&quot;orientation&quot;:&quot;0&quot;}\" data-image-title=\"IMG-20191125-WA0063\" data-image-description=\"\" data-image-caption=\"\" data-large-file=\"https:\/\/eldiariodesanpedro.com.ar\/sitio\/wp-content\/uploads\/2019\/12\/IMG-20191125-WA0063-1024x576.jpg\" data-src=\"https:\/\/i1.wp.com\/eldiariodesanpedro.com.ar\/sitio\/wp-content\/uploads\/2019\/12\/IMG-20191125-WA0063.jpg?fit=640%2C360\" alt=\"\" data-id=\"65357\" data-full-url=\"https:\/\/i1.wp.com\/eldiariodesanpedro.com.ar\/sitio\/wp-content\/uploads\/2019\/12\/IMG-20191125-WA0063.jpg?fit=1152%2C648\" data-link=\"https:\/\/eldiariodesanpedro.com.ar\/sitio\/?attachment_id=65357\" class=\"wp-image-65357 lazyload\" data-srcset=\"https:\/\/eldiariodesanpedro.com.ar\/sitio\/wp-content\/uploads\/2019\/12\/IMG-20191125-WA0063.jpg 1152w, https:\/\/eldiariodesanpedro.com.ar\/sitio\/wp-content\/uploads\/2019\/12\/IMG-20191125-WA0063-300x169.jpg 300w, https:\/\/eldiariodesanpedro.com.ar\/sitio\/wp-content\/uploads\/2019\/12\/IMG-20191125-WA0063-1024x576.jpg 1024w, https:\/\/eldiariodesanpedro.com.ar\/sitio\/wp-content\/uploads\/2019\/12\/IMG-20191125-WA0063-768x432.jpg 768w, https:\/\/eldiariodesanpedro.com.ar\/sitio\/wp-content\/uploads\/2019\/12\/IMG-20191125-WA0063-800x450.jpg 800w\" data-sizes=\"(max-width: 1152px) 100vw, 1152px\" src=\"data:image\/svg+xml;base64,PHN2ZyB3aWR0aD0iMSIgaGVpZ2h0PSIxIiB4bWxucz0iaHR0cDovL3d3dy53My5vcmcvMjAwMC9zdmciPjwvc3ZnPg==\" style=\"--smush-placeholder-width: 1152px; --smush-placeholder-aspect-ratio: 1152\/648;\" \/><\/figure><\/li><li class=\"blocks-gallery-item\"><figure><img decoding=\"async\" width=\"1056\" height=\"671\" data-attachment-id=\"65358\" data-permalink=\"https:\/\/eldiariodesanpedro.com.ar\/sitio\/descubren-mas-de-50-piezas-fosiles-de-una-antiguedad-superior-a-los-200-mil-anos\/parte-de-los-fosiles-y-del-equipo-el-museo\/\" data-orig-file=\"https:\/\/eldiariodesanpedro.com.ar\/sitio\/wp-content\/uploads\/2019\/12\/PARTE-DE-LOS-F\u00d3SILES-Y-DEL-EQUIPO-EL-MUSEO.jpg\" data-orig-size=\"1056,671\" data-comments-opened=\"1\" data-image-meta=\"{&quot;aperture&quot;:&quot;0&quot;,&quot;credit&quot;:&quot;&quot;,&quot;camera&quot;:&quot;&quot;,&quot;caption&quot;:&quot;&quot;,&quot;created_timestamp&quot;:&quot;0&quot;,&quot;copyright&quot;:&quot;&quot;,&quot;focal_length&quot;:&quot;0&quot;,&quot;iso&quot;:&quot;0&quot;,&quot;shutter_speed&quot;:&quot;0&quot;,&quot;title&quot;:&quot;&quot;,&quot;orientation&quot;:&quot;1&quot;}\" data-image-title=\"PARTE-DE-LOS-F\u00d3SILES-Y-DEL-EQUIPO-EL-MUSEO\" data-image-description=\"\" data-image-caption=\"\" data-large-file=\"https:\/\/eldiariodesanpedro.com.ar\/sitio\/wp-content\/uploads\/2019\/12\/PARTE-DE-LOS-F\u00d3SILES-Y-DEL-EQUIPO-EL-MUSEO-1024x651.jpg\" data-src=\"https:\/\/i1.wp.com\/eldiariodesanpedro.com.ar\/sitio\/wp-content\/uploads\/2019\/12\/PARTE-DE-LOS-F\u00d3SILES-Y-DEL-EQUIPO-EL-MUSEO.jpg?fit=640%2C407\" alt=\"\" data-id=\"65358\" data-full-url=\"https:\/\/i1.wp.com\/eldiariodesanpedro.com.ar\/sitio\/wp-content\/uploads\/2019\/12\/PARTE-DE-LOS-F\u00d3SILES-Y-DEL-EQUIPO-EL-MUSEO.jpg?fit=1056%2C671\" data-link=\"https:\/\/eldiariodesanpedro.com.ar\/sitio\/?attachment_id=65358\" class=\"wp-image-65358 lazyload\" data-srcset=\"https:\/\/eldiariodesanpedro.com.ar\/sitio\/wp-content\/uploads\/2019\/12\/PARTE-DE-LOS-F\u00d3SILES-Y-DEL-EQUIPO-EL-MUSEO.jpg 1056w, https:\/\/eldiariodesanpedro.com.ar\/sitio\/wp-content\/uploads\/2019\/12\/PARTE-DE-LOS-F\u00d3SILES-Y-DEL-EQUIPO-EL-MUSEO-300x191.jpg 300w, https:\/\/eldiariodesanpedro.com.ar\/sitio\/wp-content\/uploads\/2019\/12\/PARTE-DE-LOS-F\u00d3SILES-Y-DEL-EQUIPO-EL-MUSEO-1024x651.jpg 1024w, https:\/\/eldiariodesanpedro.com.ar\/sitio\/wp-content\/uploads\/2019\/12\/PARTE-DE-LOS-F\u00d3SILES-Y-DEL-EQUIPO-EL-MUSEO-768x488.jpg 768w\" data-sizes=\"(max-width: 1056px) 100vw, 1056px\" src=\"data:image\/svg+xml;base64,PHN2ZyB3aWR0aD0iMSIgaGVpZ2h0PSIxIiB4bWxucz0iaHR0cDovL3d3dy53My5vcmcvMjAwMC9zdmciPjwvc3ZnPg==\" style=\"--smush-placeholder-width: 1056px; --smush-placeholder-aspect-ratio: 1056\/671;\" \/><\/figure><\/li><\/ul><\/figure>\n","protected":false},"excerpt":{"rendered":"<p>El descubrimiento de una asociaci\u00f3n de fauna f\u00f3sil cuya antig\u00fcedad se estima superior a los 200.000 a\u00f1os, fue realizado por el equipo del Museo Paleontol\u00f3gico de San Pedro, a unos 10 kil\u00f3metros al Este de la ciudad. El sitio del hallazgo, conocido como Campo Sp\u00f3sito, tiene la particularidad de haber sido el fondo de un [&hellip;]<\/p>\n","protected":false},"author":4,"featured_media":65358,"comment_status":"open","ping_status":"closed","sticky":false,"template":"","format":"standard","meta":{"om_disable_all_campaigns":false,"_jetpack_memberships_contains_paid_content":false,"footnotes":""},"categories":[101,2],"tags":[],"class_list":["post-65351","post","type-post","status-publish","format-standard","has-post-thumbnail","hentry","category-interes-general-locales","category-locales"],"aioseo_notices":[],"gutentor_comment":0,"jetpack_featured_media_url":"https:\/\/eldiariodesanpedro.com.ar\/sitio\/wp-content\/uploads\/2019\/12\/PARTE-DE-LOS-F\u00d3SILES-Y-DEL-EQUIPO-EL-MUSEO.jpg","jetpack_shortlink":"https:\/\/wp.me\/p6RhLt-h03","jetpack_sharing_enabled":true,"_links":{"self":[{"href":"https:\/\/eldiariodesanpedro.com.ar\/sitio\/wp-json\/wp\/v2\/posts\/65351","targetHints":{"allow":["GET"]}}],"collection":[{"href":"https:\/\/eldiariodesanpedro.com.ar\/sitio\/wp-json\/wp\/v2\/posts"}],"about":[{"href":"https:\/\/eldiariodesanpedro.com.ar\/sitio\/wp-json\/wp\/v2\/types\/post"}],"author":[{"embeddable":true,"href":"https:\/\/eldiariodesanpedro.com.ar\/sitio\/wp-json\/wp\/v2\/users\/4"}],"replies":[{"embeddable":true,"href":"https:\/\/eldiariodesanpedro.com.ar\/sitio\/wp-json\/wp\/v2\/comments?post=65351"}],"version-history":[{"count":1,"href":"https:\/\/eldiariodesanpedro.com.ar\/sitio\/wp-json\/wp\/v2\/posts\/65351\/revisions"}],"predecessor-version":[{"id":65359,"href":"https:\/\/eldiariodesanpedro.com.ar\/sitio\/wp-json\/wp\/v2\/posts\/65351\/revisions\/65359"}],"wp:featuredmedia":[{"embeddable":true,"href":"https:\/\/eldiariodesanpedro.com.ar\/sitio\/wp-json\/wp\/v2\/media\/65358"}],"wp:attachment":[{"href":"https:\/\/eldiariodesanpedro.com.ar\/sitio\/wp-json\/wp\/v2\/media?parent=65351"}],"wp:term":[{"taxonomy":"category","embeddable":true,"href":"https:\/\/eldiariodesanpedro.com.ar\/sitio\/wp-json\/wp\/v2\/categories?post=65351"},{"taxonomy":"post_tag","embeddable":true,"href":"https:\/\/eldiariodesanpedro.com.ar\/sitio\/wp-json\/wp\/v2\/tags?post=65351"}],"curies":[{"name":"wp","href":"https:\/\/api.w.org\/{rel}","templated":true}]}}