{"id":65347,"date":"2019-12-08T12:29:16","date_gmt":"2019-12-08T15:29:16","guid":{"rendered":"https:\/\/eldiariodesanpedro.com.ar\/sitio\/?p=65347"},"modified":"2019-12-08T12:29:22","modified_gmt":"2019-12-08T15:29:22","slug":"se-robaron-canos-de-pvc","status":"publish","type":"post","link":"https:\/\/eldiariodesanpedro.com.ar\/sitio\/se-robaron-canos-de-pvc\/","title":{"rendered":"Se robaron ca\u00f1os de PVC"},"content":{"rendered":"<!-- VideographyWP Plugin Message: Automatic video embedding prevented by plugin options. -->\n\n<p>Este s\u00e1bado un vecino de la ciudad, denuncia que en horas de la ma\u00f1ana del mismo d\u00eda constata que ignorados le sustraen 27 ca\u00f1os de PVC de 6 metros cada uno, los que se hallaba en calle Laprida al 1600 de esta ciudad. <\/p>\n","protected":false},"excerpt":{"rendered":"<p>Este s\u00e1bado un vecino de la ciudad, denuncia que en horas de la ma\u00f1ana del mismo d\u00eda constata que ignorados le sustraen 27 ca\u00f1os de PVC de 6 metros cada uno, los que se hallaba en calle Laprida al 1600 de esta ciudad.<\/p>\n","protected":false},"author":4,"featured_media":65132,"comment_status":"open","ping_status":"closed","sticky":false,"template":"","format":"standard","meta":{"om_disable_all_campaigns":false,"_jetpack_memberships_contains_paid_content":false,"footnotes":""},"categories":[2,103],"tags":[],"class_list":["post-65347","post","type-post","status-publish","format-standard","has-post-thumbnail","hentry","category-locales","category-policiales-locales"],"aioseo_notices":[],"gutentor_comment":0,"jetpack_featured_media_url":"https:\/\/eldiariodesanpedro.com.ar\/sitio\/wp-content\/uploads\/2019\/12\/no_yq5w5wwp8gf5fvlsame.jpg","jetpack_shortlink":"https:\/\/wp.me\/p6RhLt-gZZ","jetpack_sharing_enabled":true,"_links":{"self":[{"href":"https:\/\/eldiariodesanpedro.com.ar\/sitio\/wp-json\/wp\/v2\/posts\/65347","targetHints":{"allow":["GET"]}}],"collection":[{"href":"https:\/\/eldiariodesanpedro.com.ar\/sitio\/wp-json\/wp\/v2\/posts"}],"about":[{"href":"https:\/\/eldiariodesanpedro.com.ar\/sitio\/wp-json\/wp\/v2\/types\/post"}],"author":[{"embeddable":true,"href":"https:\/\/eldiariodesanpedro.com.ar\/sitio\/wp-json\/wp\/v2\/users\/4"}],"replies":[{"embeddable":true,"href":"https:\/\/eldiariodesanpedro.com.ar\/sitio\/wp-json\/wp\/v2\/comments?post=65347"}],"version-history":[{"count":1,"href":"https:\/\/eldiariodesanpedro.com.ar\/sitio\/wp-json\/wp\/v2\/posts\/65347\/revisions"}],"predecessor-version":[{"id":65348,"href":"https:\/\/eldiariodesanpedro.com.ar\/sitio\/wp-json\/wp\/v2\/posts\/65347\/revisions\/65348"}],"wp:featuredmedia":[{"embeddable":true,"href":"https:\/\/eldiariodesanpedro.com.ar\/sitio\/wp-json\/wp\/v2\/media\/65132"}],"wp:attachment":[{"href":"https:\/\/eldiariodesanpedro.com.ar\/sitio\/wp-json\/wp\/v2\/media?parent=65347"}],"wp:term":[{"taxonomy":"category","embeddable":true,"href":"https:\/\/eldiariodesanpedro.com.ar\/sitio\/wp-json\/wp\/v2\/categories?post=65347"},{"taxonomy":"post_tag","embeddable":true,"href":"https:\/\/eldiariodesanpedro.com.ar\/sitio\/wp-json\/wp\/v2\/tags?post=65347"}],"curies":[{"name":"wp","href":"https:\/\/api.w.org\/{rel}","templated":true}]}}