{"id":65345,"date":"2019-12-08T12:28:17","date_gmt":"2019-12-08T15:28:17","guid":{"rendered":"https:\/\/eldiariodesanpedro.com.ar\/sitio\/?p=65345"},"modified":"2019-12-08T12:28:18","modified_gmt":"2019-12-08T15:28:18","slug":"delincuente-ingresa-en-vivienda-y-se-lleva-un-televisor","status":"publish","type":"post","link":"https:\/\/eldiariodesanpedro.com.ar\/sitio\/delincuente-ingresa-en-vivienda-y-se-lleva-un-televisor\/","title":{"rendered":"Delincuente ingresa en vivienda y se lleva un televisor"},"content":{"rendered":"<!-- VideographyWP Plugin Message: Automatic video embedding prevented by plugin options. -->\n\n<p>Este s\u00e1bado se recibi\u00f3 la denuncia en la comisar\u00eda local de una vecina de calle Los Andes al 1700, que en su ausencia ignorados ingresaron a su domicilio tras violentar puerta de ingreso principal y le sustraen un TV de 32 pulgadas, un monedero con documentaci\u00f3n y un tel\u00e9fono celular. <\/p>\n","protected":false},"excerpt":{"rendered":"<p>Este s\u00e1bado se recibi\u00f3 la denuncia en la comisar\u00eda local de una vecina de calle Los Andes al 1700, que en su ausencia ignorados ingresaron a su domicilio tras violentar puerta de ingreso principal y le sustraen un TV de 32 pulgadas, un monedero con documentaci\u00f3n y un tel\u00e9fono celular.<\/p>\n","protected":false},"author":4,"featured_media":45394,"comment_status":"open","ping_status":"closed","sticky":false,"template":"","format":"standard","meta":{"om_disable_all_campaigns":false,"_jetpack_memberships_contains_paid_content":false,"footnotes":""},"categories":[2,103],"tags":[],"class_list":["post-65345","post","type-post","status-publish","format-standard","has-post-thumbnail","hentry","category-locales","category-policiales-locales"],"aioseo_notices":[],"gutentor_comment":0,"jetpack_featured_media_url":"https:\/\/eldiariodesanpedro.com.ar\/sitio\/wp-content\/uploads\/2019\/01\/comisaria.jpg","jetpack_shortlink":"https:\/\/wp.me\/p6RhLt-gZX","jetpack_sharing_enabled":true,"_links":{"self":[{"href":"https:\/\/eldiariodesanpedro.com.ar\/sitio\/wp-json\/wp\/v2\/posts\/65345","targetHints":{"allow":["GET"]}}],"collection":[{"href":"https:\/\/eldiariodesanpedro.com.ar\/sitio\/wp-json\/wp\/v2\/posts"}],"about":[{"href":"https:\/\/eldiariodesanpedro.com.ar\/sitio\/wp-json\/wp\/v2\/types\/post"}],"author":[{"embeddable":true,"href":"https:\/\/eldiariodesanpedro.com.ar\/sitio\/wp-json\/wp\/v2\/users\/4"}],"replies":[{"embeddable":true,"href":"https:\/\/eldiariodesanpedro.com.ar\/sitio\/wp-json\/wp\/v2\/comments?post=65345"}],"version-history":[{"count":1,"href":"https:\/\/eldiariodesanpedro.com.ar\/sitio\/wp-json\/wp\/v2\/posts\/65345\/revisions"}],"predecessor-version":[{"id":65346,"href":"https:\/\/eldiariodesanpedro.com.ar\/sitio\/wp-json\/wp\/v2\/posts\/65345\/revisions\/65346"}],"wp:featuredmedia":[{"embeddable":true,"href":"https:\/\/eldiariodesanpedro.com.ar\/sitio\/wp-json\/wp\/v2\/media\/45394"}],"wp:attachment":[{"href":"https:\/\/eldiariodesanpedro.com.ar\/sitio\/wp-json\/wp\/v2\/media?parent=65345"}],"wp:term":[{"taxonomy":"category","embeddable":true,"href":"https:\/\/eldiariodesanpedro.com.ar\/sitio\/wp-json\/wp\/v2\/categories?post=65345"},{"taxonomy":"post_tag","embeddable":true,"href":"https:\/\/eldiariodesanpedro.com.ar\/sitio\/wp-json\/wp\/v2\/tags?post=65345"}],"curies":[{"name":"wp","href":"https:\/\/api.w.org\/{rel}","templated":true}]}}