{"id":65343,"date":"2019-12-08T12:27:09","date_gmt":"2019-12-08T15:27:09","guid":{"rendered":"https:\/\/eldiariodesanpedro.com.ar\/sitio\/?p=65343"},"modified":"2019-12-08T12:27:10","modified_gmt":"2019-12-08T15:27:10","slug":"un-aprehendido-por-agredir-a-los-efectivos","status":"publish","type":"post","link":"https:\/\/eldiariodesanpedro.com.ar\/sitio\/un-aprehendido-por-agredir-a-los-efectivos\/","title":{"rendered":"Un aprehendido por agredir a los efectivos"},"content":{"rendered":"<!-- VideographyWP Plugin Message: Automatic video embedding prevented by plugin options. -->\n\n<p>Este domingo en las primeras horas de la ma\u00f1ana, alrededor de las 06.10 horas efectivos policiales se hacen presentes en calle General Pueyrred\u00f3n y Bottaro donde aprehenden sujeto masculino quien arroja piedras al m\u00f3vil policial y en momento de la identificaci\u00f3n los intenta agredir con arma blanca no ocasionando lesiones algunas a los efectivos. <\/p>\n","protected":false},"excerpt":{"rendered":"<p>Este domingo en las primeras horas de la ma\u00f1ana, alrededor de las 06.10 horas efectivos policiales se hacen presentes en calle General Pueyrred\u00f3n y Bottaro donde aprehenden sujeto masculino quien arroja piedras al m\u00f3vil policial y en momento de la identificaci\u00f3n los intenta agredir con arma blanca no ocasionando lesiones algunas a los efectivos.<\/p>\n","protected":false},"author":4,"featured_media":65208,"comment_status":"open","ping_status":"closed","sticky":false,"template":"","format":"standard","meta":{"om_disable_all_campaigns":false,"_jetpack_memberships_contains_paid_content":false,"footnotes":""},"categories":[2,103],"tags":[],"class_list":["post-65343","post","type-post","status-publish","format-standard","has-post-thumbnail","hentry","category-locales","category-policiales-locales"],"aioseo_notices":[],"gutentor_comment":0,"jetpack_featured_media_url":"https:\/\/eldiariodesanpedro.com.ar\/sitio\/wp-content\/uploads\/2019\/12\/thumb_patrulla-policia-bonaerense-movil-policia.jpeg","jetpack_shortlink":"https:\/\/wp.me\/p6RhLt-gZV","jetpack_sharing_enabled":true,"_links":{"self":[{"href":"https:\/\/eldiariodesanpedro.com.ar\/sitio\/wp-json\/wp\/v2\/posts\/65343","targetHints":{"allow":["GET"]}}],"collection":[{"href":"https:\/\/eldiariodesanpedro.com.ar\/sitio\/wp-json\/wp\/v2\/posts"}],"about":[{"href":"https:\/\/eldiariodesanpedro.com.ar\/sitio\/wp-json\/wp\/v2\/types\/post"}],"author":[{"embeddable":true,"href":"https:\/\/eldiariodesanpedro.com.ar\/sitio\/wp-json\/wp\/v2\/users\/4"}],"replies":[{"embeddable":true,"href":"https:\/\/eldiariodesanpedro.com.ar\/sitio\/wp-json\/wp\/v2\/comments?post=65343"}],"version-history":[{"count":1,"href":"https:\/\/eldiariodesanpedro.com.ar\/sitio\/wp-json\/wp\/v2\/posts\/65343\/revisions"}],"predecessor-version":[{"id":65344,"href":"https:\/\/eldiariodesanpedro.com.ar\/sitio\/wp-json\/wp\/v2\/posts\/65343\/revisions\/65344"}],"wp:featuredmedia":[{"embeddable":true,"href":"https:\/\/eldiariodesanpedro.com.ar\/sitio\/wp-json\/wp\/v2\/media\/65208"}],"wp:attachment":[{"href":"https:\/\/eldiariodesanpedro.com.ar\/sitio\/wp-json\/wp\/v2\/media?parent=65343"}],"wp:term":[{"taxonomy":"category","embeddable":true,"href":"https:\/\/eldiariodesanpedro.com.ar\/sitio\/wp-json\/wp\/v2\/categories?post=65343"},{"taxonomy":"post_tag","embeddable":true,"href":"https:\/\/eldiariodesanpedro.com.ar\/sitio\/wp-json\/wp\/v2\/tags?post=65343"}],"curies":[{"name":"wp","href":"https:\/\/api.w.org\/{rel}","templated":true}]}}