{"id":65340,"date":"2019-12-08T12:26:13","date_gmt":"2019-12-08T15:26:13","guid":{"rendered":"https:\/\/eldiariodesanpedro.com.ar\/sitio\/?p=65340"},"modified":"2019-12-08T12:26:19","modified_gmt":"2019-12-08T15:26:19","slug":"dos-automoviles-incendiados-en-la-madrugada","status":"publish","type":"post","link":"https:\/\/eldiariodesanpedro.com.ar\/sitio\/dos-automoviles-incendiados-en-la-madrugada\/","title":{"rendered":"Dos autom\u00f3viles incendiados en la madrugada"},"content":{"rendered":"<!-- VideographyWP Plugin Message: Automatic video embedding prevented by plugin options. -->\n\n<p>En la madrugada de este domingo se recibi\u00f3 la llamada al 911 de vecino de calle La Laguna al 1800, que ten\u00eda estacionado frente a la casa su autom\u00f3vil marca Renault 12 color rojo y que observa que tres ignorados pasan por el lugar y le prenden fuego dicho rodado, causando la destrucci\u00f3n total del mismo, siendo sofocado por una Unidad de Bomberos Voluntarios. No existen lesionados.<\/p>\n\n\n\n<p> Luegos alrededor de las 7 hs  nuevamente se alerta a bomberos voluntarios, esta vez desde el Barrio 104 viviendas. Donde ardi\u00f3 el habit\u00e1culo de un Ford Escort que estaba siendo reacondicionado para su venta. Seg\u00fan el propietario se tratar\u00eda de un siniestro intencional, a la llegada de la dotaci\u00f3n ya el fuego hab\u00eda sido sofocado por el mismo propietario.<\/p>\n","protected":false},"excerpt":{"rendered":"<p>En la madrugada de este domingo se recibi\u00f3 la llamada al 911 de vecino de calle La Laguna al 1800, que ten\u00eda estacionado frente a la casa su autom\u00f3vil marca Renault 12 color rojo y que observa que tres ignorados pasan por el lugar y le prenden fuego dicho rodado, causando la destrucci\u00f3n total del [&hellip;]<\/p>\n","protected":false},"author":4,"featured_media":65341,"comment_status":"open","ping_status":"closed","sticky":false,"template":"","format":"standard","meta":{"om_disable_all_campaigns":false,"_jetpack_memberships_contains_paid_content":false,"footnotes":""},"categories":[2,103],"tags":[],"class_list":["post-65340","post","type-post","status-publish","format-standard","has-post-thumbnail","hentry","category-locales","category-policiales-locales"],"aioseo_notices":[],"gutentor_comment":0,"jetpack_featured_media_url":"https:\/\/eldiariodesanpedro.com.ar\/sitio\/wp-content\/uploads\/2019\/12\/PAGINA-3.jpg","jetpack_shortlink":"https:\/\/wp.me\/p6RhLt-gZS","jetpack_sharing_enabled":true,"_links":{"self":[{"href":"https:\/\/eldiariodesanpedro.com.ar\/sitio\/wp-json\/wp\/v2\/posts\/65340","targetHints":{"allow":["GET"]}}],"collection":[{"href":"https:\/\/eldiariodesanpedro.com.ar\/sitio\/wp-json\/wp\/v2\/posts"}],"about":[{"href":"https:\/\/eldiariodesanpedro.com.ar\/sitio\/wp-json\/wp\/v2\/types\/post"}],"author":[{"embeddable":true,"href":"https:\/\/eldiariodesanpedro.com.ar\/sitio\/wp-json\/wp\/v2\/users\/4"}],"replies":[{"embeddable":true,"href":"https:\/\/eldiariodesanpedro.com.ar\/sitio\/wp-json\/wp\/v2\/comments?post=65340"}],"version-history":[{"count":1,"href":"https:\/\/eldiariodesanpedro.com.ar\/sitio\/wp-json\/wp\/v2\/posts\/65340\/revisions"}],"predecessor-version":[{"id":65342,"href":"https:\/\/eldiariodesanpedro.com.ar\/sitio\/wp-json\/wp\/v2\/posts\/65340\/revisions\/65342"}],"wp:featuredmedia":[{"embeddable":true,"href":"https:\/\/eldiariodesanpedro.com.ar\/sitio\/wp-json\/wp\/v2\/media\/65341"}],"wp:attachment":[{"href":"https:\/\/eldiariodesanpedro.com.ar\/sitio\/wp-json\/wp\/v2\/media?parent=65340"}],"wp:term":[{"taxonomy":"category","embeddable":true,"href":"https:\/\/eldiariodesanpedro.com.ar\/sitio\/wp-json\/wp\/v2\/categories?post=65340"},{"taxonomy":"post_tag","embeddable":true,"href":"https:\/\/eldiariodesanpedro.com.ar\/sitio\/wp-json\/wp\/v2\/tags?post=65340"}],"curies":[{"name":"wp","href":"https:\/\/api.w.org\/{rel}","templated":true}]}}