{"id":65338,"date":"2019-12-08T12:24:50","date_gmt":"2019-12-08T15:24:50","guid":{"rendered":"https:\/\/eldiariodesanpedro.com.ar\/sitio\/?p=65338"},"modified":"2019-12-08T12:24:56","modified_gmt":"2019-12-08T15:24:56","slug":"su-vecino-ingreso-a-robar-a-su-casa","status":"publish","type":"post","link":"https:\/\/eldiariodesanpedro.com.ar\/sitio\/su-vecino-ingreso-a-robar-a-su-casa\/","title":{"rendered":"Su vecino ingres\u00f3 a robar a su casa"},"content":{"rendered":"<!-- VideographyWP Plugin Message: Automatic video embedding prevented by plugin options. -->\n\n<p>Este s\u00e1bado en horas de la madrugada se recibi\u00f3 la denuncia de un vecino en la comisar\u00eda local quien declara que en su domicilio ubicado en Casella al 300, que momentos antes en circunstancias que se hallaba descansando, advierte la presencia de ignorados en el interior de la misma, constatando al levantarse que se trataba de su vecino, quien se da a la fuga al ser descubierto. No se constata faltantes. <\/p>\n","protected":false},"excerpt":{"rendered":"<p>Este s\u00e1bado en horas de la madrugada se recibi\u00f3 la denuncia de un vecino en la comisar\u00eda local quien declara que en su domicilio ubicado en Casella al 300, que momentos antes en circunstancias que se hallaba descansando, advierte la presencia de ignorados en el interior de la misma, constatando al levantarse que se trataba [&hellip;]<\/p>\n","protected":false},"author":4,"featured_media":65327,"comment_status":"open","ping_status":"closed","sticky":false,"template":"","format":"standard","meta":{"om_disable_all_campaigns":false,"_jetpack_memberships_contains_paid_content":false,"footnotes":""},"categories":[2,103],"tags":[],"class_list":["post-65338","post","type-post","status-publish","format-standard","has-post-thumbnail","hentry","category-locales","category-policiales-locales"],"aioseo_notices":[],"gutentor_comment":0,"jetpack_featured_media_url":"https:\/\/eldiariodesanpedro.com.ar\/sitio\/wp-content\/uploads\/2019\/12\/no_z9gdv37fighykk8comando_patrulla.jpg","jetpack_shortlink":"https:\/\/wp.me\/p6RhLt-gZQ","jetpack_sharing_enabled":true,"_links":{"self":[{"href":"https:\/\/eldiariodesanpedro.com.ar\/sitio\/wp-json\/wp\/v2\/posts\/65338","targetHints":{"allow":["GET"]}}],"collection":[{"href":"https:\/\/eldiariodesanpedro.com.ar\/sitio\/wp-json\/wp\/v2\/posts"}],"about":[{"href":"https:\/\/eldiariodesanpedro.com.ar\/sitio\/wp-json\/wp\/v2\/types\/post"}],"author":[{"embeddable":true,"href":"https:\/\/eldiariodesanpedro.com.ar\/sitio\/wp-json\/wp\/v2\/users\/4"}],"replies":[{"embeddable":true,"href":"https:\/\/eldiariodesanpedro.com.ar\/sitio\/wp-json\/wp\/v2\/comments?post=65338"}],"version-history":[{"count":1,"href":"https:\/\/eldiariodesanpedro.com.ar\/sitio\/wp-json\/wp\/v2\/posts\/65338\/revisions"}],"predecessor-version":[{"id":65339,"href":"https:\/\/eldiariodesanpedro.com.ar\/sitio\/wp-json\/wp\/v2\/posts\/65338\/revisions\/65339"}],"wp:featuredmedia":[{"embeddable":true,"href":"https:\/\/eldiariodesanpedro.com.ar\/sitio\/wp-json\/wp\/v2\/media\/65327"}],"wp:attachment":[{"href":"https:\/\/eldiariodesanpedro.com.ar\/sitio\/wp-json\/wp\/v2\/media?parent=65338"}],"wp:term":[{"taxonomy":"category","embeddable":true,"href":"https:\/\/eldiariodesanpedro.com.ar\/sitio\/wp-json\/wp\/v2\/categories?post=65338"},{"taxonomy":"post_tag","embeddable":true,"href":"https:\/\/eldiariodesanpedro.com.ar\/sitio\/wp-json\/wp\/v2\/tags?post=65338"}],"curies":[{"name":"wp","href":"https:\/\/api.w.org\/{rel}","templated":true}]}}