{"id":65335,"date":"2019-12-08T09:49:57","date_gmt":"2019-12-08T12:49:57","guid":{"rendered":"https:\/\/eldiariodesanpedro.com.ar\/sitio\/?p=65335"},"modified":"2019-12-08T09:50:03","modified_gmt":"2019-12-08T12:50:03","slug":"8-de-diciembre-por-que-un-dia-como-hoy-se-debe-armar-el-arbol-de-navidad","status":"publish","type":"post","link":"https:\/\/eldiariodesanpedro.com.ar\/sitio\/8-de-diciembre-por-que-un-dia-como-hoy-se-debe-armar-el-arbol-de-navidad\/","title":{"rendered":"8 de diciembre: \u00bfPor qu\u00e9 un d\u00eda como hoy se debe armar el \u201c\u00c1rbol de Navidad\u201d?"},"content":{"rendered":"<!-- VideographyWP Plugin Message: Automatic video embedding prevented by plugin options. -->\n\n<p> No hay una \u00fanica versi\u00f3n sobre qu\u00e9 simboliza el \u00e1rbol de Navidad, ni hay una fecha oficial para armarlo. Sin embargo, la versi\u00f3n m\u00e1s aceptada es que el \u00e1rbol simboliza la vida, el universo y el amor de Dios, y se arma el d\u00eda en que fue concebida la Virgen Mar\u00eda, que fue quien trajo al mundo a Jes\u00fas, salvador de los cristianos.<br><br>Por estas latitudes, el fin de diciembre trae aparejadas fechas y momentos a tener en cuenta: el 22, el inicio del verano (porque en otros continentes, el fr\u00edo arrecia y mucho), el 24, la Nochebuena y Navidad, y el 31, el Fin de A\u00f1o, fiestas estas s\u00ed que son celebradas a lo largo de todo el mundo Occidental, y tienen un fuerte componente religioso.<\/p>\n\n\n\n<p>La Navidad es la celebraci\u00f3n del nacimiento del ni\u00f1o Jes\u00fas, y el A\u00f1o Nuevo es el fin de un a\u00f1o seg\u00fan el calendario gregoriano, que fue propuesto por el papa Gregorio XIII en 1582 y sustituye al calendario juliano, promovido por Julio C\u00e9sar.<\/p>\n\n\n\n<p>Pero a nosotros, y como dice el t\u00edtulo de la presente nota, nos interesa conocer el por qu\u00e9 un 8 de diciembre se debe armar el \u201c\u00c1rbol de Navidad\u201d.<\/p>\n\n\n\n<p>El 8 de diciembre de 1854 el papa P\u00edo IX declar\u00f3 el Dogma de la Inmaculada Concepci\u00f3n de Mar\u00eda, en el que se exim\u00eda a Mar\u00eda de todo tipo de culpa o pecado por la concepci\u00f3n de Jes\u00fas.<\/p>\n\n\n\n<p>A partir de la declaraci\u00f3n del papa P\u00edo IX, el 8 de diciembre se festeja el d\u00eda de la Inmaculada Concepci\u00f3n de Mar\u00eda, es decir, el d\u00eda que San Joaqu\u00edn y Santa Ana concibieron a la Virgen Mar\u00eda.<\/p>\n\n\n\n<p>La tradici\u00f3n de armar el \u00e1rbol de Navidad el d\u00eda de la Inmaculada Concepci\u00f3n es t\u00edpica de Italia y se ha difundido a pa\u00edses como Argentina, donde hay gran cantidad de inmigrantes italianos.<\/p>\n\n\n\n<p>No hay una \u00fanica versi\u00f3n sobre qu\u00e9 simboliza el \u00e1rbol de Navidad, ni hay una fecha oficial para armarlo. Sin embargo, la versi\u00f3n m\u00e1s aceptada es que el \u00e1rbol simboliza la vida, el universo y el amor de Dios, y se arma el d\u00eda en que fue concebida la Virgen Mar\u00eda, que fue quien trajo al mundo a Jes\u00fas, salvador de los cristianos.\n\n<\/p>\n","protected":false},"excerpt":{"rendered":"<p>No hay una \u00fanica versi\u00f3n sobre qu\u00e9 simboliza el \u00e1rbol de Navidad, ni hay una fecha oficial para armarlo. Sin embargo, la versi\u00f3n m\u00e1s aceptada es que el \u00e1rbol simboliza la vida, el universo y el amor de Dios, y se arma el d\u00eda en que fue concebida la Virgen Mar\u00eda, que fue quien trajo [&hellip;]<\/p>\n","protected":false},"author":4,"featured_media":65336,"comment_status":"open","ping_status":"closed","sticky":false,"template":"","format":"standard","meta":{"om_disable_all_campaigns":false,"_jetpack_memberships_contains_paid_content":false,"footnotes":""},"categories":[621],"tags":[],"class_list":["post-65335","post","type-post","status-publish","format-standard","has-post-thumbnail","hentry","category-regionales"],"aioseo_notices":[],"gutentor_comment":0,"jetpack_featured_media_url":"https:\/\/eldiariodesanpedro.com.ar\/sitio\/wp-content\/uploads\/2019\/12\/20191126103513.jpg","jetpack_shortlink":"https:\/\/wp.me\/p6RhLt-gZN","jetpack_sharing_enabled":true,"_links":{"self":[{"href":"https:\/\/eldiariodesanpedro.com.ar\/sitio\/wp-json\/wp\/v2\/posts\/65335","targetHints":{"allow":["GET"]}}],"collection":[{"href":"https:\/\/eldiariodesanpedro.com.ar\/sitio\/wp-json\/wp\/v2\/posts"}],"about":[{"href":"https:\/\/eldiariodesanpedro.com.ar\/sitio\/wp-json\/wp\/v2\/types\/post"}],"author":[{"embeddable":true,"href":"https:\/\/eldiariodesanpedro.com.ar\/sitio\/wp-json\/wp\/v2\/users\/4"}],"replies":[{"embeddable":true,"href":"https:\/\/eldiariodesanpedro.com.ar\/sitio\/wp-json\/wp\/v2\/comments?post=65335"}],"version-history":[{"count":1,"href":"https:\/\/eldiariodesanpedro.com.ar\/sitio\/wp-json\/wp\/v2\/posts\/65335\/revisions"}],"predecessor-version":[{"id":65337,"href":"https:\/\/eldiariodesanpedro.com.ar\/sitio\/wp-json\/wp\/v2\/posts\/65335\/revisions\/65337"}],"wp:featuredmedia":[{"embeddable":true,"href":"https:\/\/eldiariodesanpedro.com.ar\/sitio\/wp-json\/wp\/v2\/media\/65336"}],"wp:attachment":[{"href":"https:\/\/eldiariodesanpedro.com.ar\/sitio\/wp-json\/wp\/v2\/media?parent=65335"}],"wp:term":[{"taxonomy":"category","embeddable":true,"href":"https:\/\/eldiariodesanpedro.com.ar\/sitio\/wp-json\/wp\/v2\/categories?post=65335"},{"taxonomy":"post_tag","embeddable":true,"href":"https:\/\/eldiariodesanpedro.com.ar\/sitio\/wp-json\/wp\/v2\/tags?post=65335"}],"curies":[{"name":"wp","href":"https:\/\/api.w.org\/{rel}","templated":true}]}}