{"id":65332,"date":"2019-12-08T09:46:42","date_gmt":"2019-12-08T12:46:42","guid":{"rendered":"https:\/\/eldiariodesanpedro.com.ar\/sitio\/?p=65332"},"modified":"2019-12-08T09:46:44","modified_gmt":"2019-12-08T12:46:44","slug":"campana-se-instalo-una-cabina-de-monitoreo-y-control-en-mitre-y-ruta-6","status":"publish","type":"post","link":"https:\/\/eldiariodesanpedro.com.ar\/sitio\/campana-se-instalo-una-cabina-de-monitoreo-y-control-en-mitre-y-ruta-6\/","title":{"rendered":"CAMPANA | Se instal\u00f3 una cabina de monitoreo y control en Mitre y Ruta 6"},"content":{"rendered":"<!-- VideographyWP Plugin Message: Automatic video embedding prevented by plugin options. -->\n\n<p> La nueva garita policial, que se encuentra ubicada en \u00abLos Lingotes\u00bb, est\u00e1 blindada y posee dos domos de c\u00e1maras infrarrojas y cuenta con personal de la Polic\u00eda Local.<\/p>\n\n\n\n<p>\n\nA fin de seguir reforzando la seguridad en los ingresos de la ciudad, la Secretar\u00eda de Seguridad y Prevenci\u00f3n Ciudadana del Municipio instal\u00f3 una cabina de monitoreo y control en Mitre y Ruta 6.<\/p>\n\n\n\n<p>La nueva garita policial, que se encuentra ubicada en \u00abLos Lingotes\u00bb, est\u00e1 blindada y posee dos domos de c\u00e1maras infrarrojas que permite visualizar im\u00e1genes incluso de noche, un generador de energ\u00eda que le permite funcionar las 24 horas.<\/p>\n\n\n\n<p>Adem\u00e1s, la flamante unidad m\u00f3vil, cuenta con personal de la Polic\u00eda Local, a los efectos de prevenir y actuar de manera r\u00e1pida ante una emergencia.<\/p>\n\n\n\n<p>La nueva cabina fue gestionada por el intendente Sebasti\u00e1n Abella ante el Ministerio de Seguridad de la Provincia de Buenos Aires con el objetivo de seguir mejorando la seguridad de los vecinos.<\/p>\n\n\n\n<p>Luego de presentar la garita y brindar detalles de la misma, el secretario de Seguridad y Prevenci\u00f3n Ciudadana del Municipio, Abel Milano, enfatiz\u00f3 que \u00abcon esta nueva implementaci\u00f3n buscamos prevenir delitos en uno de los principales ingresos y egresos de Campana\u00bb.<\/p>\n\n\n\n<p>\u00abLa nueva garita refleja el compromiso de Abella y todo el equipo municipal de seguir brind\u00e1ndoles a los vecinos m\u00e1s y mejores herramientas para que puedan vivir cada d\u00eda m\u00e1s tranquilos\u00bb, concluy\u00f3 el funcionario. <\/p>\n\n\n\n<p>Fuente:Campana Noticias<\/p>\n","protected":false},"excerpt":{"rendered":"<p>La nueva garita policial, que se encuentra ubicada en \u00abLos Lingotes\u00bb, est\u00e1 blindada y posee dos domos de c\u00e1maras infrarrojas y cuenta con personal de la Polic\u00eda Local. A fin de seguir reforzando la seguridad en los ingresos de la ciudad, la Secretar\u00eda de Seguridad y Prevenci\u00f3n Ciudadana del Municipio instal\u00f3 una cabina de monitoreo [&hellip;]<\/p>\n","protected":false},"author":4,"featured_media":65333,"comment_status":"open","ping_status":"closed","sticky":false,"template":"","format":"standard","meta":{"om_disable_all_campaigns":false,"_jetpack_memberships_contains_paid_content":false,"footnotes":""},"categories":[621],"tags":[],"class_list":["post-65332","post","type-post","status-publish","format-standard","has-post-thumbnail","hentry","category-regionales"],"aioseo_notices":[],"gutentor_comment":0,"jetpack_featured_media_url":"https:\/\/eldiariodesanpedro.com.ar\/sitio\/wp-content\/uploads\/2019\/12\/20191207102931.jpg","jetpack_shortlink":"https:\/\/wp.me\/p6RhLt-gZK","jetpack_sharing_enabled":true,"_links":{"self":[{"href":"https:\/\/eldiariodesanpedro.com.ar\/sitio\/wp-json\/wp\/v2\/posts\/65332","targetHints":{"allow":["GET"]}}],"collection":[{"href":"https:\/\/eldiariodesanpedro.com.ar\/sitio\/wp-json\/wp\/v2\/posts"}],"about":[{"href":"https:\/\/eldiariodesanpedro.com.ar\/sitio\/wp-json\/wp\/v2\/types\/post"}],"author":[{"embeddable":true,"href":"https:\/\/eldiariodesanpedro.com.ar\/sitio\/wp-json\/wp\/v2\/users\/4"}],"replies":[{"embeddable":true,"href":"https:\/\/eldiariodesanpedro.com.ar\/sitio\/wp-json\/wp\/v2\/comments?post=65332"}],"version-history":[{"count":1,"href":"https:\/\/eldiariodesanpedro.com.ar\/sitio\/wp-json\/wp\/v2\/posts\/65332\/revisions"}],"predecessor-version":[{"id":65334,"href":"https:\/\/eldiariodesanpedro.com.ar\/sitio\/wp-json\/wp\/v2\/posts\/65332\/revisions\/65334"}],"wp:featuredmedia":[{"embeddable":true,"href":"https:\/\/eldiariodesanpedro.com.ar\/sitio\/wp-json\/wp\/v2\/media\/65333"}],"wp:attachment":[{"href":"https:\/\/eldiariodesanpedro.com.ar\/sitio\/wp-json\/wp\/v2\/media?parent=65332"}],"wp:term":[{"taxonomy":"category","embeddable":true,"href":"https:\/\/eldiariodesanpedro.com.ar\/sitio\/wp-json\/wp\/v2\/categories?post=65332"},{"taxonomy":"post_tag","embeddable":true,"href":"https:\/\/eldiariodesanpedro.com.ar\/sitio\/wp-json\/wp\/v2\/tags?post=65332"}],"curies":[{"name":"wp","href":"https:\/\/api.w.org\/{rel}","templated":true}]}}