{"id":65329,"date":"2019-12-08T09:44:53","date_gmt":"2019-12-08T12:44:53","guid":{"rendered":"https:\/\/eldiariodesanpedro.com.ar\/sitio\/?p=65329"},"modified":"2019-12-08T09:44:58","modified_gmt":"2019-12-08T12:44:58","slug":"zarate-grave-denuncia-de-una-joven-zaratena-eran-cuatro-hombres-a-bordo-de-una-camioneta-blanca-que-intentaron-secuestrame","status":"publish","type":"post","link":"https:\/\/eldiariodesanpedro.com.ar\/sitio\/zarate-grave-denuncia-de-una-joven-zaratena-eran-cuatro-hombres-a-bordo-de-una-camioneta-blanca-que-intentaron-secuestrame\/","title":{"rendered":"Z\u00c1RATE | Grave denuncia de una joven zarate\u00f1a: \u00abEran cuatro hombres a bordo de una camioneta blanca que intentaron secuestrame\u00bb"},"content":{"rendered":"<!-- VideographyWP Plugin Message: Automatic video embedding prevented by plugin options. -->\n\n<p>Agustina tiene 18 a\u00f1os, es estudiante, adem\u00e1s de vendedora de productos cosm\u00e9ticos y fue la protagonista de una dram\u00e1tica situaci\u00f3n en la tarde de este jueves mientras caminaba por Av. Ant\u00e1rtida Argentina hacia Pividal. Nuestro colega<strong>\u00a0Rolando Bonavena<\/strong>, FM Cielo, entrevist\u00f3 a la v\u00edctima.<\/p>\n\n\n\n<p><em>\u00abEran alrededor de las 17:20 y yo iba por la bicisenda de Av. Ant\u00e1rtida hacia Pividal, rumbo al ex Colegio Industrial a entregar un encargue de cosm\u00e9ticos a una compa\u00f1era que cursa ah\u00ed\u00bb<\/em>, comienza la joven.<em>\u00a0\u00abCerca de calle 6, vivo cerca, veo una camioneta blanca y en su interior a tres hombres, no prest\u00e9 atenci\u00f3n hasta que me d\u00ed cuenta que me hab\u00edan empezado a seguir\u00bb<\/em>.<\/p>\n\n\n\n<p><em>\u00abPor suerte intent\u00e9 mantenerme serena, aunque estaba muy nerviosa, solo quer\u00eda que esto pasara\u00bb,&nbsp;<\/em>cuenta con angustia y se\u00f1ala que si bien no puede describirlos, los sujetos ten\u00edan entre 30 y 45 a\u00f1os.<\/p>\n\n\n\n<p>La denuncia fue radicada en Comisar\u00eda 1era.<\/p>\n\n\n\n<p>Fuente: Enlace Critico<\/p>\n","protected":false},"excerpt":{"rendered":"<p>Agustina tiene 18 a\u00f1os, es estudiante, adem\u00e1s de vendedora de productos cosm\u00e9ticos y fue la protagonista de una dram\u00e1tica situaci\u00f3n en la tarde de este jueves mientras caminaba por Av. Ant\u00e1rtida Argentina hacia Pividal. Nuestro colega\u00a0Rolando Bonavena, FM Cielo, entrevist\u00f3 a la v\u00edctima. \u00abEran alrededor de las 17:20 y yo iba por la bicisenda de [&hellip;]<\/p>\n","protected":false},"author":4,"featured_media":65330,"comment_status":"open","ping_status":"closed","sticky":false,"template":"","format":"standard","meta":{"om_disable_all_campaigns":false,"_jetpack_memberships_contains_paid_content":false,"footnotes":""},"categories":[621],"tags":[],"class_list":["post-65329","post","type-post","status-publish","format-standard","has-post-thumbnail","hentry","category-regionales"],"aioseo_notices":[],"gutentor_comment":0,"jetpack_featured_media_url":"https:\/\/eldiariodesanpedro.com.ar\/sitio\/wp-content\/uploads\/2019\/12\/f800x450-35793_87239_0_658x400.jpg","jetpack_shortlink":"https:\/\/wp.me\/p6RhLt-gZH","jetpack_sharing_enabled":true,"_links":{"self":[{"href":"https:\/\/eldiariodesanpedro.com.ar\/sitio\/wp-json\/wp\/v2\/posts\/65329","targetHints":{"allow":["GET"]}}],"collection":[{"href":"https:\/\/eldiariodesanpedro.com.ar\/sitio\/wp-json\/wp\/v2\/posts"}],"about":[{"href":"https:\/\/eldiariodesanpedro.com.ar\/sitio\/wp-json\/wp\/v2\/types\/post"}],"author":[{"embeddable":true,"href":"https:\/\/eldiariodesanpedro.com.ar\/sitio\/wp-json\/wp\/v2\/users\/4"}],"replies":[{"embeddable":true,"href":"https:\/\/eldiariodesanpedro.com.ar\/sitio\/wp-json\/wp\/v2\/comments?post=65329"}],"version-history":[{"count":1,"href":"https:\/\/eldiariodesanpedro.com.ar\/sitio\/wp-json\/wp\/v2\/posts\/65329\/revisions"}],"predecessor-version":[{"id":65331,"href":"https:\/\/eldiariodesanpedro.com.ar\/sitio\/wp-json\/wp\/v2\/posts\/65329\/revisions\/65331"}],"wp:featuredmedia":[{"embeddable":true,"href":"https:\/\/eldiariodesanpedro.com.ar\/sitio\/wp-json\/wp\/v2\/media\/65330"}],"wp:attachment":[{"href":"https:\/\/eldiariodesanpedro.com.ar\/sitio\/wp-json\/wp\/v2\/media?parent=65329"}],"wp:term":[{"taxonomy":"category","embeddable":true,"href":"https:\/\/eldiariodesanpedro.com.ar\/sitio\/wp-json\/wp\/v2\/categories?post=65329"},{"taxonomy":"post_tag","embeddable":true,"href":"https:\/\/eldiariodesanpedro.com.ar\/sitio\/wp-json\/wp\/v2\/tags?post=65329"}],"curies":[{"name":"wp","href":"https:\/\/api.w.org\/{rel}","templated":true}]}}