{"id":65326,"date":"2019-12-08T09:42:22","date_gmt":"2019-12-08T12:42:22","guid":{"rendered":"https:\/\/eldiariodesanpedro.com.ar\/sitio\/?p=65326"},"modified":"2019-12-08T09:42:27","modified_gmt":"2019-12-08T12:42:27","slug":"san-nicolas-la-amenazo-con-un-cuchillo-para-tener-sexo","status":"publish","type":"post","link":"https:\/\/eldiariodesanpedro.com.ar\/sitio\/san-nicolas-la-amenazo-con-un-cuchillo-para-tener-sexo\/","title":{"rendered":"SAN NICOL\u00c1S | La amenaz\u00f3 con un cuchillo para tener sexo"},"content":{"rendered":"<!-- VideographyWP Plugin Message: Automatic video embedding prevented by plugin options. -->\n\n<p>\n\nPersonal del Comando de Patrullas aprehendi\u00f3 en intersecci\u00f3n de Avenida Moreno y Belgrano, a un sujeto de 31 a\u00f1os, quien momentos antes mediante intimidaci\u00f3n de arma blanca tipo cuchillo, obligaba a una joven de 24 a\u00f1os, a mantener sexo.<\/p>\n\n\n\n<p>El hombre fue trasladado a la Comisar\u00eda Primera donde se labraron actuaciones por \u201cCoacci\u00f3n\u201d, con intervenci\u00f3n de UFI 3 San Nicol\u00e1s.\n\n<\/p>\n","protected":false},"excerpt":{"rendered":"<p>Personal del Comando de Patrullas aprehendi\u00f3 en intersecci\u00f3n de Avenida Moreno y Belgrano, a un sujeto de 31 a\u00f1os, quien momentos antes mediante intimidaci\u00f3n de arma blanca tipo cuchillo, obligaba a una joven de 24 a\u00f1os, a mantener sexo. El hombre fue trasladado a la Comisar\u00eda Primera donde se labraron actuaciones por \u201cCoacci\u00f3n\u201d, con intervenci\u00f3n [&hellip;]<\/p>\n","protected":false},"author":4,"featured_media":65327,"comment_status":"open","ping_status":"closed","sticky":false,"template":"","format":"standard","meta":{"om_disable_all_campaigns":false,"_jetpack_memberships_contains_paid_content":false,"footnotes":""},"categories":[621],"tags":[],"class_list":["post-65326","post","type-post","status-publish","format-standard","has-post-thumbnail","hentry","category-regionales"],"aioseo_notices":[],"gutentor_comment":0,"jetpack_featured_media_url":"https:\/\/eldiariodesanpedro.com.ar\/sitio\/wp-content\/uploads\/2019\/12\/no_z9gdv37fighykk8comando_patrulla.jpg","jetpack_shortlink":"https:\/\/wp.me\/p6RhLt-gZE","jetpack_sharing_enabled":true,"_links":{"self":[{"href":"https:\/\/eldiariodesanpedro.com.ar\/sitio\/wp-json\/wp\/v2\/posts\/65326","targetHints":{"allow":["GET"]}}],"collection":[{"href":"https:\/\/eldiariodesanpedro.com.ar\/sitio\/wp-json\/wp\/v2\/posts"}],"about":[{"href":"https:\/\/eldiariodesanpedro.com.ar\/sitio\/wp-json\/wp\/v2\/types\/post"}],"author":[{"embeddable":true,"href":"https:\/\/eldiariodesanpedro.com.ar\/sitio\/wp-json\/wp\/v2\/users\/4"}],"replies":[{"embeddable":true,"href":"https:\/\/eldiariodesanpedro.com.ar\/sitio\/wp-json\/wp\/v2\/comments?post=65326"}],"version-history":[{"count":1,"href":"https:\/\/eldiariodesanpedro.com.ar\/sitio\/wp-json\/wp\/v2\/posts\/65326\/revisions"}],"predecessor-version":[{"id":65328,"href":"https:\/\/eldiariodesanpedro.com.ar\/sitio\/wp-json\/wp\/v2\/posts\/65326\/revisions\/65328"}],"wp:featuredmedia":[{"embeddable":true,"href":"https:\/\/eldiariodesanpedro.com.ar\/sitio\/wp-json\/wp\/v2\/media\/65327"}],"wp:attachment":[{"href":"https:\/\/eldiariodesanpedro.com.ar\/sitio\/wp-json\/wp\/v2\/media?parent=65326"}],"wp:term":[{"taxonomy":"category","embeddable":true,"href":"https:\/\/eldiariodesanpedro.com.ar\/sitio\/wp-json\/wp\/v2\/categories?post=65326"},{"taxonomy":"post_tag","embeddable":true,"href":"https:\/\/eldiariodesanpedro.com.ar\/sitio\/wp-json\/wp\/v2\/tags?post=65326"}],"curies":[{"name":"wp","href":"https:\/\/api.w.org\/{rel}","templated":true}]}}