{"id":65317,"date":"2019-12-08T09:35:31","date_gmt":"2019-12-08T12:35:31","guid":{"rendered":"https:\/\/eldiariodesanpedro.com.ar\/sitio\/?p=65317"},"modified":"2019-12-08T09:35:37","modified_gmt":"2019-12-08T12:35:37","slug":"baradero-el-intendente-electo-esteban-sanzio-dio-a-conocer-el-gabinete-que-lo-acompanara-en-su-gestion-2","status":"publish","type":"post","link":"https:\/\/eldiariodesanpedro.com.ar\/sitio\/baradero-el-intendente-electo-esteban-sanzio-dio-a-conocer-el-gabinete-que-lo-acompanara-en-su-gestion-2\/","title":{"rendered":"BARADERO | El Intendente electo Esteban Sanzio di\u00f3 a conocer el gabinete que lo acompa\u00f1ar\u00e1 en su gesti\u00f3n."},"content":{"rendered":"<!-- VideographyWP Plugin Message: Automatic video embedding prevented by plugin options. -->\n\n<p>El electo Intendente de Baradero Esteban Sanzio en conferencia de prensa en Vitto\u2019s la Confiter\u00eda del Club Sportivo, dio a conocer los integrantes del nuevo gabinete que lo acompa\u00f1ar\u00e1n en su gesti\u00f3n a partir del pr\u00f3ximo martes 10 de Diciembre.<\/p>\n\n\n\n<p>El gabinete qued\u00f3 conformado de acuerdo con el siguiente detalle.<br><strong>SECRETARIA GENERAL DE GOBIERNO: Rodolfo Lacabanne.<\/strong><br>SECRETARIA DE MEDIO AMBIENTE: Silvina C\u00e1mpora.<br>DIRECCI\u00d3N GENERAL DE COOPERATIVAS Y ESPACIO P\u00daBLICO: Silvio Mazzarella.<br>DIRECCI\u00d3N DE COMUNICACI\u00d3N Y MEDIOS:\u00a0 Luciana Depauli.<br>DIRECCI\u00d3N GRAL DE PARTICIPACION Y RELACIONES CON LA COMUNIDAD: Natalia Negr\u00e9.<br>DIRECCI\u00d3N DE JUVENTUD: Gonzalo Sant\u00edn.<br>DIRECCI\u00d3N GRAL DE PERSONAL Y CAPITAL HUMANO: Valeria Viglietti.<br>DIRECCI\u00d3N GRAL DE PRODUCCI\u00d3N, HABILITACION E INSPECCION DE COMERCIO: Dami\u00e1n Mori.<br><strong>SECRETARIA DE DESARROLLO HUMANO: Juan Ramos.<\/strong><br>DIRECCI\u00d3N GRAL DE ACCI\u00d3N SOCIAL Y TRABAJO COMUNITARIO: \u00c9rica Karlsson.<br>DIRECCI\u00d3N GRAL DE POL\u00cdTICA Y FAMILIA: Luis Tobares.<br><strong>SECRETARIA DE TURISMO CULTURA, EDUCACI\u00d3N Y DEPORTES: Nicol\u00e1s Moreira.<\/strong><br>DIRECCI\u00d3N GRAL DE TURISMO: Pablo Georgetti.<br>DIRECTOR DE DEPORTES: Claudio Ruiz.<br>DIRECCI\u00d3N DE DERECHOS HUMANOS: Gian Barras.<br>JEFATURA DISTRITAL DE EDUCACI\u00d3N: Paula Gugger.<br>POL\u00cdTICA SOCIO EDUCATIVAS: Alicia Silva.<br>DIRECCI\u00d3N DE UNIVERSIDADES: Silvana Alonso.<br><strong>SUBSECRETARIA DE SEGURIDAD: Sergio Lucero<\/strong><br>DIRECCI\u00d3N GRAL DE INSPECCI\u00d3N: Hugo Patrenostre.<br>DIRECCI\u00d3N DE DEFENSA CIVIL: Oscar Pellegrini.<br><strong>SECRETARIA DE OBRAS Y PLANIFICACI\u00d3N: Ariel Sprenger.<\/strong><br>SUBSECRETARIA DE SERVICIOS P\u00daBLICOS: Guillermo Guilanea.<br>DIRECCI\u00d3N GRAL DE OBRAS SANITARIAS: Gustavo Massi.<br>DIRECCION GRAL DE VIALIDAD Y SERVICIOS PUBLICOS: Carlos Morel.<br><strong>SECRETARIA DE HACIENDA: Antonio Pando.<\/strong><br>DIRECCI\u00d3N GENERAL: Federico Cataldo.<br><strong>SECRETARIA DE MODERNIZACION Y GESTI\u00d3N P\u00daBLICA: Rodrigo Garc\u00eda Otero.<\/strong><br>SUBSECRETARIA LEGAL Y T\u00c9CNICA: Germ\u00e1n Braillard.<br>SUBSECRETARIA DE H\u00c1BITAT Y PLANIFICACI\u00d3N: Geraldina Gahn.<br><strong>DIRECCI\u00d3N\u00a0GRAL DE COORDINACI\u00d3N\u00a0MUNICIPAL: Marina Simour.<\/strong><br>DELEGADO DE ALSINA: Kicho Virrzi.<br>DELEGADO DE PORTELA: Marisa Sanzio.<br>DELEGADO DE SANTA COLOMA: Roque Soto.<\/p>\n\n\n\n<p>Fuente: Baradero Hoy<\/p>\n","protected":false},"excerpt":{"rendered":"<p>El electo Intendente de Baradero Esteban Sanzio en conferencia de prensa en Vitto\u2019s la Confiter\u00eda del Club Sportivo, dio a conocer los integrantes del nuevo gabinete que lo acompa\u00f1ar\u00e1n en su gesti\u00f3n a partir del pr\u00f3ximo martes 10 de Diciembre. El gabinete qued\u00f3 conformado de acuerdo con el siguiente detalle.SECRETARIA GENERAL DE GOBIERNO: Rodolfo Lacabanne.SECRETARIA [&hellip;]<\/p>\n","protected":false},"author":4,"featured_media":65318,"comment_status":"open","ping_status":"closed","sticky":false,"template":"","format":"standard","meta":{"om_disable_all_campaigns":false,"_jetpack_memberships_contains_paid_content":false,"footnotes":""},"categories":[621],"tags":[139,772,770,681,771],"class_list":["post-65317","post","type-post","status-publish","format-standard","has-post-thumbnail","hentry","category-regionales","tag-baradero","tag-gestion","tag-nuevo-gabinete","tag-regionales","tag-sanzio"],"aioseo_notices":[],"gutentor_comment":0,"jetpack_featured_media_url":"https:\/\/eldiariodesanpedro.com.ar\/sitio\/wp-content\/uploads\/2019\/12\/20191206_202627-640x480-1.jpg","jetpack_shortlink":"https:\/\/wp.me\/p6RhLt-gZv","jetpack_sharing_enabled":true,"_links":{"self":[{"href":"https:\/\/eldiariodesanpedro.com.ar\/sitio\/wp-json\/wp\/v2\/posts\/65317","targetHints":{"allow":["GET"]}}],"collection":[{"href":"https:\/\/eldiariodesanpedro.com.ar\/sitio\/wp-json\/wp\/v2\/posts"}],"about":[{"href":"https:\/\/eldiariodesanpedro.com.ar\/sitio\/wp-json\/wp\/v2\/types\/post"}],"author":[{"embeddable":true,"href":"https:\/\/eldiariodesanpedro.com.ar\/sitio\/wp-json\/wp\/v2\/users\/4"}],"replies":[{"embeddable":true,"href":"https:\/\/eldiariodesanpedro.com.ar\/sitio\/wp-json\/wp\/v2\/comments?post=65317"}],"version-history":[{"count":1,"href":"https:\/\/eldiariodesanpedro.com.ar\/sitio\/wp-json\/wp\/v2\/posts\/65317\/revisions"}],"predecessor-version":[{"id":65319,"href":"https:\/\/eldiariodesanpedro.com.ar\/sitio\/wp-json\/wp\/v2\/posts\/65317\/revisions\/65319"}],"wp:featuredmedia":[{"embeddable":true,"href":"https:\/\/eldiariodesanpedro.com.ar\/sitio\/wp-json\/wp\/v2\/media\/65318"}],"wp:attachment":[{"href":"https:\/\/eldiariodesanpedro.com.ar\/sitio\/wp-json\/wp\/v2\/media?parent=65317"}],"wp:term":[{"taxonomy":"category","embeddable":true,"href":"https:\/\/eldiariodesanpedro.com.ar\/sitio\/wp-json\/wp\/v2\/categories?post=65317"},{"taxonomy":"post_tag","embeddable":true,"href":"https:\/\/eldiariodesanpedro.com.ar\/sitio\/wp-json\/wp\/v2\/tags?post=65317"}],"curies":[{"name":"wp","href":"https:\/\/api.w.org\/{rel}","templated":true}]}}