{"id":65311,"date":"2019-12-07T11:49:24","date_gmt":"2019-12-07T14:49:24","guid":{"rendered":"https:\/\/eldiariodesanpedro.com.ar\/sitio\/?p=65311"},"modified":"2019-12-07T11:49:29","modified_gmt":"2019-12-07T14:49:29","slug":"zarate-incendio-total-en-una-casa-donde-funcionaba-una-feria-americana","status":"publish","type":"post","link":"https:\/\/eldiariodesanpedro.com.ar\/sitio\/zarate-incendio-total-en-una-casa-donde-funcionaba-una-feria-americana\/","title":{"rendered":"ZARATE: Incendio total en una casa donde funcionaba una feria americana"},"content":{"rendered":"<!-- VideographyWP Plugin Message: Automatic video embedding prevented by plugin options. -->\n\n<p>Cuatro m\u00f3viles y diez bomberos voluntarios de Z\u00e1rate acudieron esta ma\u00f1ana hasta calle Laprida y Pividal.<\/p>\n\n\n\n<p>All\u00ed una casa donde funcionaba una feria americana se incendi\u00f3 en su totalidad y las p\u00e9rdidas fueron totales.<\/p>\n\n\n\n<p>No hubo heridos y las primeras informaciones del lugar indican que podr\u00eda haber ocurrido un robo previamente.<\/p>\n\n\n\n<p><\/p>\n","protected":false},"excerpt":{"rendered":"<p>Cuatro m\u00f3viles y diez bomberos voluntarios de Z\u00e1rate acudieron esta ma\u00f1ana hasta calle Laprida y Pividal. All\u00ed una casa donde funcionaba una feria americana se incendi\u00f3 en su totalidad y las p\u00e9rdidas fueron totales. No hubo heridos y las primeras informaciones del lugar indican que podr\u00eda haber ocurrido un robo previamente.<\/p>\n","protected":false},"author":4,"featured_media":65314,"comment_status":"open","ping_status":"closed","sticky":false,"template":"","format":"standard","meta":{"om_disable_all_campaigns":false,"_jetpack_memberships_contains_paid_content":false,"footnotes":""},"categories":[621],"tags":[],"class_list":["post-65311","post","type-post","status-publish","format-standard","has-post-thumbnail","hentry","category-regionales"],"aioseo_notices":[],"gutentor_comment":0,"jetpack_featured_media_url":"https:\/\/eldiariodesanpedro.com.ar\/sitio\/wp-content\/uploads\/2019\/12\/IMG_20191207_085421.jpg","jetpack_shortlink":"https:\/\/wp.me\/p6RhLt-gZp","jetpack_sharing_enabled":true,"_links":{"self":[{"href":"https:\/\/eldiariodesanpedro.com.ar\/sitio\/wp-json\/wp\/v2\/posts\/65311","targetHints":{"allow":["GET"]}}],"collection":[{"href":"https:\/\/eldiariodesanpedro.com.ar\/sitio\/wp-json\/wp\/v2\/posts"}],"about":[{"href":"https:\/\/eldiariodesanpedro.com.ar\/sitio\/wp-json\/wp\/v2\/types\/post"}],"author":[{"embeddable":true,"href":"https:\/\/eldiariodesanpedro.com.ar\/sitio\/wp-json\/wp\/v2\/users\/4"}],"replies":[{"embeddable":true,"href":"https:\/\/eldiariodesanpedro.com.ar\/sitio\/wp-json\/wp\/v2\/comments?post=65311"}],"version-history":[{"count":1,"href":"https:\/\/eldiariodesanpedro.com.ar\/sitio\/wp-json\/wp\/v2\/posts\/65311\/revisions"}],"predecessor-version":[{"id":65316,"href":"https:\/\/eldiariodesanpedro.com.ar\/sitio\/wp-json\/wp\/v2\/posts\/65311\/revisions\/65316"}],"wp:featuredmedia":[{"embeddable":true,"href":"https:\/\/eldiariodesanpedro.com.ar\/sitio\/wp-json\/wp\/v2\/media\/65314"}],"wp:attachment":[{"href":"https:\/\/eldiariodesanpedro.com.ar\/sitio\/wp-json\/wp\/v2\/media?parent=65311"}],"wp:term":[{"taxonomy":"category","embeddable":true,"href":"https:\/\/eldiariodesanpedro.com.ar\/sitio\/wp-json\/wp\/v2\/categories?post=65311"},{"taxonomy":"post_tag","embeddable":true,"href":"https:\/\/eldiariodesanpedro.com.ar\/sitio\/wp-json\/wp\/v2\/tags?post=65311"}],"curies":[{"name":"wp","href":"https:\/\/api.w.org\/{rel}","templated":true}]}}