{"id":65307,"date":"2019-12-07T10:53:32","date_gmt":"2019-12-07T13:53:32","guid":{"rendered":"https:\/\/eldiariodesanpedro.com.ar\/sitio\/?p=65307"},"modified":"2019-12-07T10:57:32","modified_gmt":"2019-12-07T13:57:32","slug":"san-nicolas-femicidio-de-patricia-brauer-su-ex-ya-habia-sido-condenado-por-violencia-de-genero","status":"publish","type":"post","link":"https:\/\/eldiariodesanpedro.com.ar\/sitio\/san-nicolas-femicidio-de-patricia-brauer-su-ex-ya-habia-sido-condenado-por-violencia-de-genero\/","title":{"rendered":"SAN NICOLAS: FEMICIDIO DE PATRICIA BRAUER: Su ex ya hab\u00eda sido condenado por violencia de genero"},"content":{"rendered":"<!-- VideographyWP Plugin Message: Automatic video embedding prevented by plugin options. -->\n\n<p>Solo ellos sab\u00edan lo que hab\u00eda pasado en ese auto, lo que se hab\u00edan dicho, c\u00f3mo se desencaden\u00f3 la reacci\u00f3n desesperada y criminal de \u00e9l, el p\u00e1nico que habr\u00e1 sentido ella. Patricia se hab\u00eda separado de Juan, con el que hab\u00eda mantenido una relaci\u00f3n de idas y vueltas por m\u00e1s de cinco a\u00f1os en las que prevaleci\u00f3 la violencia de g\u00e9nero. De hecho en el a\u00f1o 2015 ella ya lo hab\u00eda denunciado y la justicia hab\u00eda dictado condena, pero solo por razones que ella entend\u00eda, a pesar de todas las se\u00f1ales, hab\u00eda vuelto.La madre de patricia cont\u00f3 que las agresiones segu\u00edan, pero que ya su hija no quer\u00eda volver a denunciarlo, tal vez por miedo, por l\u00e1stima o por estar enredada en una relaci\u00f3n enfermiza cuya intimidad nadie sabr\u00e1. A\u00fan as\u00ed hac\u00eda un par de meses que Patricia hab\u00eda tomado la decisi\u00f3n de cortar de una vez por todas y se hab\u00eda ido con su madre. \u00c9l la llamaba pidi\u00e9ndole que volviera, que si no volv\u00eda se iba a suicidar.Solo ellos saben porqu\u00e9 entraron en ese auto, qu\u00e9 se dijeron, y c\u00f3mo se desencaden\u00f3 la violencia. Lo cierto es que Patricia recibi\u00f3 3 pu\u00f1aladas mortales en el t\u00f3rax y 5 superficiales que dan cuenta que intent\u00f3 defenderse del ataque. En la parte trasera del auto, el femicida hab\u00eda llevado bidones con nafta y un encendedor. Tras herirla de muerte, prendi\u00f3 fuego el auto con el fin de suicidarse junto a ella. El asesino ya ten\u00eda todo preparado.<\/p>\n\n\n\n<p><strong>Los hechos<\/strong><\/p>\n\n\n\n<p>Como public\u00f3 ayer EL NORTE, el femicidio tuvo lugar en el barrio 7 de Septiembre (ex IVBA), en la zona sur. Juan Schmidt de 40 a\u00f1os apu\u00f1al\u00f3 a su ex en el pecho, mientras estaban encerrados en un auto al que prendi\u00f3 fuego. Luego se dio a la fuga.La Polic\u00eda de la Comisar\u00eda Segunda fue alertada por un llamado al 911 que realiz\u00f3 la mam\u00e1 de la v\u00edctima, Patricia Brauer, de 39 a\u00f1os. El hombre que la hiri\u00f3 mortalmente, escap\u00f3 por los pastizales de la zona, siendo primero perseguido por algunos vecinos.Mientras tanto, una ambulancia del CEM traslad\u00f3 a Patricia al San Felipe donde qued\u00f3 internada en la sala de Terapia Intensiva, en grave estado. Llegaron los bomberos al lugar del hecho y sofocaron el fuego en el Renault 21, incendiado por Smith.<\/p>\n\n\n\n<p><br>Como consecuencia del operativo cerrojo desplegado por la Polic\u00eda en la zona rural y v\u00edas f\u00e9rreas, entre los barrios IVBA y Sironi, personal del Comando Patrulla y de la Comisar\u00eda Segunda aprehendieron a Schmidt, quien presentaba lesiones y quemaduras en el cuerpo. En el lugar del hecho la Polic\u00eda Cient\u00edfica secuestr\u00f3 el autom\u00f3vil Renault 21y el arma blanca empleada ante la presencia del fiscal de la UFI 3, que interviene en el caso.<br>Horas m\u00e1s tarde de este hecho demencial, que seguramente trascender\u00e1 al \u00e1mbito nacional, falleci\u00f3 Patricia Brauer en uno de los quir\u00f3fanos del Hospital, mientras que poco despu\u00e9s tambi\u00e9n encontr\u00f3 la muerte el agresor Juan Schmidt, que estaba internado en la sala de Terapia Intensiva.<\/p>\n\n\n\n<p><strong>Dra. Ba\u00f1os<\/strong><\/p>\n\n\n\n<p>La fiscal, Dra. Bel\u00e9n Ba\u00f1os, quien se encuentra a cargo de la causa por el asesinato de Patricia Brauer en di\u00e1logo con EL NORTE dio detalles de lo que se pudo saber sobre lo ocurrido. \u201cLos datos objetivos son que ellos estaban separados luego de varios a\u00f1os de convivencia. Ella estaba viviendo con su madre y desde ese entonces este hombre la ven\u00eda amenazando para que volviera, diciendo que de no hacerlo iba a suicidarse\u201d, explic\u00f3 la Dra. Ba\u00f1os.Acerca de c\u00f3mo se desencaden\u00f3 la desgracia dijo: \u201cPuntualmente este hombre fue a la casa de su ex suegra donde viv\u00eda la v\u00edctima, supuestamente a buscar sus pertenencias. No s\u00e9 c\u00f3mo ni porqu\u00e9 ella ingresa al auto de \u00e9l, probablemente para charlar y devolverle sus cosas, tampoco sabemos lo que hablaron. Ah\u00ed este hombre le aplic\u00f3 varias pu\u00f1aladas en el pecho, tiene otros varios cortes en los brazos presumiblemente en defensa. En ese momento se escucha una explosi\u00f3n y ah\u00ed empiezan a salir los vecinos, la madre de la v\u00edctima y su propia hija, y ven que el auto se estaba incendiando. Ella estaba saliendo por sus propios medios y qued\u00f3 tirada en el piso, mientras que \u00e9l se fue corriendo. Algunos que vieron lo sucedido lo corrieron tratando de agredirlo y aprehenderlo pero fue finalmente la polic\u00eda la que lo captur\u00f3. Aparentemente los vecinos trataron de asistirla, una se\u00f1ora le habr\u00eda presionado la herida tratando de mantenerla con vida hasta la llegada de la ambulancia. Una ambulancia la traslad\u00f3 de urgencia al hospital, lograron operarla pero no estabilizarla y falleci\u00f3. El hombre fue capturado por la zona, trasladado al hospital porque tambi\u00e9n ten\u00eda heridas de gravedad y el desenlace fue que a las horas muri\u00f3\u201d.<\/p>\n\n\n\n<p><strong>Violencia de g\u00e9nero<\/strong><\/p>\n\n\n\n<p>Respecto a los antecedentes que ten\u00eda esta persona de violencia de g\u00e9nero, la fiscal cont\u00f3 a EL NORTE, que la madre le hab\u00eda dicho que hubo reiterados episodios: \u201cLa madre me coment\u00f3 que hab\u00eda hechos de violencia de g\u00e9nero, pero que ella no lo quer\u00eda denunciar.S\u00ed hab\u00eda una denuncia asentada y con condena por violencia de g\u00e9nero contra \u00e9l en el 2015, pero ellos despu\u00e9s volvieron. Ahora en esta nueva etapa ella no lo quer\u00eda denunciar\u201d. Lamentablemente el desenlace fue una muerte, que atento a lo que ven\u00eda ocurriendo entre ellos, era anunciada. <\/p>\n\n\n\n<p>Fuente: Diario El Norte<\/p>\n","protected":false},"excerpt":{"rendered":"<p>Solo ellos sab\u00edan lo que hab\u00eda pasado en ese auto, lo que se hab\u00edan dicho, c\u00f3mo se desencaden\u00f3 la reacci\u00f3n desesperada y criminal de \u00e9l, el p\u00e1nico que habr\u00e1 sentido ella. Patricia se hab\u00eda separado de Juan, con el que hab\u00eda mantenido una relaci\u00f3n de idas y vueltas por m\u00e1s de cinco a\u00f1os en las [&hellip;]<\/p>\n","protected":false},"author":4,"featured_media":65308,"comment_status":"open","ping_status":"closed","sticky":false,"template":"","format":"standard","meta":{"om_disable_all_campaigns":false,"_jetpack_memberships_contains_paid_content":false,"footnotes":""},"categories":[621],"tags":[],"class_list":["post-65307","post","type-post","status-publish","format-standard","has-post-thumbnail","hentry","category-regionales"],"aioseo_notices":[],"gutentor_comment":0,"jetpack_featured_media_url":"https:\/\/eldiariodesanpedro.com.ar\/sitio\/wp-content\/uploads\/2019\/12\/0-1-1.jpg","jetpack_shortlink":"https:\/\/wp.me\/p6RhLt-gZl","jetpack_sharing_enabled":true,"_links":{"self":[{"href":"https:\/\/eldiariodesanpedro.com.ar\/sitio\/wp-json\/wp\/v2\/posts\/65307","targetHints":{"allow":["GET"]}}],"collection":[{"href":"https:\/\/eldiariodesanpedro.com.ar\/sitio\/wp-json\/wp\/v2\/posts"}],"about":[{"href":"https:\/\/eldiariodesanpedro.com.ar\/sitio\/wp-json\/wp\/v2\/types\/post"}],"author":[{"embeddable":true,"href":"https:\/\/eldiariodesanpedro.com.ar\/sitio\/wp-json\/wp\/v2\/users\/4"}],"replies":[{"embeddable":true,"href":"https:\/\/eldiariodesanpedro.com.ar\/sitio\/wp-json\/wp\/v2\/comments?post=65307"}],"version-history":[{"count":2,"href":"https:\/\/eldiariodesanpedro.com.ar\/sitio\/wp-json\/wp\/v2\/posts\/65307\/revisions"}],"predecessor-version":[{"id":65310,"href":"https:\/\/eldiariodesanpedro.com.ar\/sitio\/wp-json\/wp\/v2\/posts\/65307\/revisions\/65310"}],"wp:featuredmedia":[{"embeddable":true,"href":"https:\/\/eldiariodesanpedro.com.ar\/sitio\/wp-json\/wp\/v2\/media\/65308"}],"wp:attachment":[{"href":"https:\/\/eldiariodesanpedro.com.ar\/sitio\/wp-json\/wp\/v2\/media?parent=65307"}],"wp:term":[{"taxonomy":"category","embeddable":true,"href":"https:\/\/eldiariodesanpedro.com.ar\/sitio\/wp-json\/wp\/v2\/categories?post=65307"},{"taxonomy":"post_tag","embeddable":true,"href":"https:\/\/eldiariodesanpedro.com.ar\/sitio\/wp-json\/wp\/v2\/tags?post=65307"}],"curies":[{"name":"wp","href":"https:\/\/api.w.org\/{rel}","templated":true}]}}