{"id":65304,"date":"2019-12-07T10:33:18","date_gmt":"2019-12-07T13:33:18","guid":{"rendered":"https:\/\/eldiariodesanpedro.com.ar\/sitio\/?p=65304"},"modified":"2019-12-07T10:33:23","modified_gmt":"2019-12-07T13:33:23","slug":"san-nicolas-triple-colision-en-el-camino-de-la-costa","status":"publish","type":"post","link":"https:\/\/eldiariodesanpedro.com.ar\/sitio\/san-nicolas-triple-colision-en-el-camino-de-la-costa\/","title":{"rendered":"SAN NICOLAS: Triple colisi\u00f3n en el camino de la costa"},"content":{"rendered":"<!-- VideographyWP Plugin Message: Automatic video embedding prevented by plugin options. -->\n\n<p>Pasadas las 21.00 se produjo un grave accidente sobre el camino de la costa &#8211; a la altura del puente Marconi &#8211; en el que se vieron involucrados dos autom\u00f3viles y un cami\u00f3n con acoplado. <\/p>\n\n\n\n<p>La informaci\u00f3n recogida por EL NORTE da cuenta que en primera instancia colisionaron de manera frontal un autom\u00f3vil Chevrolet Corsa conducido por Adela Monz\u00f3n de 61 a\u00f1os de edad y un Chevrolet Cruze que era conducido por un hombre llamado Andr\u00e9s Manabella de 41.<\/p>\n\n\n\n<p> Vi\u00e9ndose involucrado tambi\u00e9n con posterioridad un cami\u00f3n con acoplado conducido por Jos\u00e9 Daniel Hern\u00e1ndez de 35 a\u00f1os y contra el cual habr\u00eda impactado el Corsa luego de chocar contra el otro autom\u00f3vil.A ra\u00edz de la colisi\u00f3n frontal la que llev\u00f3 la peor parte fue la conductora del Corsa, quien qued\u00f3 atrapada en el habit\u00e1culo de su autom\u00f3vil y luego de algunos minutos pudo ser extra\u00edda del habit\u00e1culo de su veh\u00edculo por integrantes del cuerpo de bomberos voluntarios de Villa Ramallo. <\/p>\n\n\n\n<p>Siendo trasladada a un nosocomio de la ciudad de San Nicol\u00e1s en grave estado, seg\u00fan se inform\u00f3 en la Estaci\u00f3n de Polic\u00eda Comunal Ramallo 2da.La ruta fue cortada parcialmente con transito asistido durante algunas horas para permitir que la Polic\u00eda Cient\u00edfica trabaje en el lugar.<\/p>\n\n\n\n<p>FOTO: La conductora del Corsa sufri\u00f3 heridas de gravedad y fue trasladada al Hospital San Felipe. <\/p>\n\n\n\n<p>FUENTE : DIARIO EL NORTE<\/p>\n","protected":false},"excerpt":{"rendered":"<p>Pasadas las 21.00 se produjo un grave accidente sobre el camino de la costa &#8211; a la altura del puente Marconi &#8211; en el que se vieron involucrados dos autom\u00f3viles y un cami\u00f3n con acoplado. La informaci\u00f3n recogida por EL NORTE da cuenta que en primera instancia colisionaron de manera frontal un autom\u00f3vil Chevrolet Corsa [&hellip;]<\/p>\n","protected":false},"author":4,"featured_media":65305,"comment_status":"open","ping_status":"closed","sticky":false,"template":"","format":"standard","meta":{"om_disable_all_campaigns":false,"_jetpack_memberships_contains_paid_content":false,"footnotes":""},"categories":[621],"tags":[],"class_list":["post-65304","post","type-post","status-publish","format-standard","has-post-thumbnail","hentry","category-regionales"],"aioseo_notices":[],"gutentor_comment":0,"jetpack_featured_media_url":"https:\/\/eldiariodesanpedro.com.ar\/sitio\/wp-content\/uploads\/2019\/12\/0-2.jpg","jetpack_shortlink":"https:\/\/wp.me\/p6RhLt-gZi","jetpack_sharing_enabled":true,"_links":{"self":[{"href":"https:\/\/eldiariodesanpedro.com.ar\/sitio\/wp-json\/wp\/v2\/posts\/65304","targetHints":{"allow":["GET"]}}],"collection":[{"href":"https:\/\/eldiariodesanpedro.com.ar\/sitio\/wp-json\/wp\/v2\/posts"}],"about":[{"href":"https:\/\/eldiariodesanpedro.com.ar\/sitio\/wp-json\/wp\/v2\/types\/post"}],"author":[{"embeddable":true,"href":"https:\/\/eldiariodesanpedro.com.ar\/sitio\/wp-json\/wp\/v2\/users\/4"}],"replies":[{"embeddable":true,"href":"https:\/\/eldiariodesanpedro.com.ar\/sitio\/wp-json\/wp\/v2\/comments?post=65304"}],"version-history":[{"count":1,"href":"https:\/\/eldiariodesanpedro.com.ar\/sitio\/wp-json\/wp\/v2\/posts\/65304\/revisions"}],"predecessor-version":[{"id":65306,"href":"https:\/\/eldiariodesanpedro.com.ar\/sitio\/wp-json\/wp\/v2\/posts\/65304\/revisions\/65306"}],"wp:featuredmedia":[{"embeddable":true,"href":"https:\/\/eldiariodesanpedro.com.ar\/sitio\/wp-json\/wp\/v2\/media\/65305"}],"wp:attachment":[{"href":"https:\/\/eldiariodesanpedro.com.ar\/sitio\/wp-json\/wp\/v2\/media?parent=65304"}],"wp:term":[{"taxonomy":"category","embeddable":true,"href":"https:\/\/eldiariodesanpedro.com.ar\/sitio\/wp-json\/wp\/v2\/categories?post=65304"},{"taxonomy":"post_tag","embeddable":true,"href":"https:\/\/eldiariodesanpedro.com.ar\/sitio\/wp-json\/wp\/v2\/tags?post=65304"}],"curies":[{"name":"wp","href":"https:\/\/api.w.org\/{rel}","templated":true}]}}