{"id":65300,"date":"2019-12-07T10:28:07","date_gmt":"2019-12-07T13:28:07","guid":{"rendered":"https:\/\/eldiariodesanpedro.com.ar\/sitio\/?p=65300"},"modified":"2019-12-07T10:28:12","modified_gmt":"2019-12-07T13:28:12","slug":"baradero-el-intendente-electo-esteban-sanzio-dio-a-conocer-el-gabinete-que-lo-acompanara-en-su-gestion","status":"publish","type":"post","link":"https:\/\/eldiariodesanpedro.com.ar\/sitio\/baradero-el-intendente-electo-esteban-sanzio-dio-a-conocer-el-gabinete-que-lo-acompanara-en-su-gestion\/","title":{"rendered":"BARADERO: El Intendente electo Esteban Sanzio di\u00f3 a conocer el gabinete que lo acompa\u00f1ar\u00e1 en su gesti\u00f3n."},"content":{"rendered":"<!-- VideographyWP Plugin Message: Automatic video embedding prevented by plugin options. -->\n\n<p>El electo Intendente de Baradero Esteban Sanzio en conferencia de prensa en Vitto\u2019s la Confiter\u00eda del Club Sportivo, dio a conocer los integrantes del nuevo gabinete que lo acompa\u00f1ar\u00e1n en su gesti\u00f3n a partir del pr\u00f3ximo martes 10 de Diciembre.<\/p>\n\n\n\n<p>El gabinete qued\u00f3 conformado de acuerdo con el siguiente detalle.<\/p>\n\n\n\n<p><strong>SECRETARIA GENERAL DE GOBIERNO: Rodolfo Lacabanne.<\/strong><\/p>\n\n\n\n<p>SECRETARIA DE MEDIO AMBIENTE: Silvina C\u00e1mpora.<\/p>\n\n\n\n<p>DIRECCI\u00d3N GENERAL DE COOPERATIVAS Y ESPACIO P\u00daBLICO: Silvio Mazzarella.<\/p>\n\n\n\n<p>DIRECCI\u00d3N DE COMUNICACI\u00d3N Y MEDIOS:&nbsp; Luciana Depauli.<\/p>\n\n\n\n<p>DIRECCI\u00d3N GRAL DE PARTICIPACION Y RELACIONES CON LA COMUNIDAD: Natalia Negr\u00e9.<\/p>\n\n\n\n<p>DIRECCI\u00d3N DE JUVENTUD: Gonzalo Sant\u00edn.<\/p>\n\n\n\n<p>DIRECCI\u00d3N GRAL DE PERSONAL Y CAPITAL HUMANO: Valeria Viglietti.<\/p>\n\n\n\n<p>DIRECCI\u00d3N GRAL DE PRODUCCI\u00d3N, HABILITACION E INSPECCION DE COMERCIO: Dami\u00e1n Mori.<\/p>\n\n\n\n<p><strong>SECRETARIA DE DESARROLLO HUMANO: Juan Ramos.<\/strong><\/p>\n\n\n\n<p>DIRECCI\u00d3N GRAL DE ACCI\u00d3N SOCIAL Y TRABAJO COMUNITARIO: \u00c9rica Karlsson.<\/p>\n\n\n\n<p>DIRECCI\u00d3N GRAL DE POL\u00cdTICA Y FAMILIA: Luis Tobares.<\/p>\n\n\n\n<p><strong>SECRETARIA DE TURISMO CULTURA, EDUCACI\u00d3N Y DEPORTES: Nicol\u00e1s Moreira.<\/strong><\/p>\n\n\n\n<p>DIRECCI\u00d3N GRAL DE TURISMO: Pablo Georgetti.<\/p>\n\n\n\n<p>DIRECTOR DE DEPORTES: Claudio Ruiz.<\/p>\n\n\n\n<p>DIRECCI\u00d3N DE DERECHOS HUMANOS: Gian Barras.<\/p>\n\n\n\n<p>JEFATURA DISTRITAL DE EDUCACI\u00d3N: Paula Gugger.<\/p>\n\n\n\n<p>POL\u00cdTICA SOCIO EDUCATIVAS: Alicia Silva.<\/p>\n\n\n\n<p>DIRECCI\u00d3N DE UNIVERSIDADES: Silvana Alonso.<\/p>\n\n\n\n<p><strong>SUBSECRETARIA DE SEGURIDAD: Sergio Lucero<\/strong><\/p>\n\n\n\n<p>DIRECCI\u00d3N GRAL DE INSPECCI\u00d3N: Hugo Patrenostre.<\/p>\n\n\n\n<p>DIRECCI\u00d3N DE DEFENSA CIVIL: Oscar Pellegrini.<\/p>\n\n\n\n<p><strong>SECRETARIA DE OBRAS Y PLANIFICACI\u00d3N: Ariel Sprenger.<\/strong><\/p>\n\n\n\n<p>SUBSECRETARIA DE SERVICIOS P\u00daBLICOS: Guillermo Guilanea.<\/p>\n\n\n\n<p>DIRECCI\u00d3N GRAL DE OBRAS SANITARIAS: Gustavo Massi.<\/p>\n\n\n\n<p>DIRECCION GRAL DE VIALIDAD Y SERVICIOS PUBLICOS: Carlos Morel.<\/p>\n\n\n\n<p><strong>SECRETARIA DE HACIENDA: Antonio Pando.<\/strong><\/p>\n\n\n\n<p>DIRECCI\u00d3N GENERAL: Federico Cataldo.<\/p>\n\n\n\n<p><strong>SECRETARIA DE MODERNIZACION Y GESTI\u00d3N P\u00daBLICA: Rodrigo Garc\u00eda Otero.<\/strong><\/p>\n\n\n\n<p>SUBSECRETARIA LEGAL Y T\u00c9CNICA: Germ\u00e1n Braillard.<\/p>\n\n\n\n<p>SUBSECRETARIA DE H\u00c1BITAT Y PLANIFICACI\u00d3N: Geraldina Gahn.<\/p>\n\n\n\n<p><strong>DIRECCI\u00d3N&nbsp;GRAL DE COORDINACI\u00d3N&nbsp;MUNICIPAL: Marina Simour.<\/strong><\/p>\n\n\n\n<p>DELEGADO DE ALSINA: Kicho Virrzi.<\/p>\n\n\n\n<p>DELEGADO DE PORTELA: Marisa Sanzio.<\/p>\n\n\n\n<p>DELEGADO DE SANTA COLOMA: Roque Soto.<\/p>\n\n\n\n<p>FUENTE: BARADERO HOY<\/p>\n\n\n\n<figure class=\"wp-block-image size-large\"><img decoding=\"async\" width=\"640\" height=\"311\" data-attachment-id=\"65301\" data-permalink=\"https:\/\/eldiariodesanpedro.com.ar\/sitio\/baradero-el-intendente-electo-esteban-sanzio-dio-a-conocer-el-gabinete-que-lo-acompanara-en-su-gestion\/20191206_202627-640x480\/\" data-orig-file=\"https:\/\/eldiariodesanpedro.com.ar\/sitio\/wp-content\/uploads\/2019\/12\/20191206_202627-640x480.jpg\" data-orig-size=\"640,311\" data-comments-opened=\"1\" data-image-meta=\"{&quot;aperture&quot;:&quot;0&quot;,&quot;credit&quot;:&quot;&quot;,&quot;camera&quot;:&quot;&quot;,&quot;caption&quot;:&quot;&quot;,&quot;created_timestamp&quot;:&quot;0&quot;,&quot;copyright&quot;:&quot;&quot;,&quot;focal_length&quot;:&quot;0&quot;,&quot;iso&quot;:&quot;0&quot;,&quot;shutter_speed&quot;:&quot;0&quot;,&quot;title&quot;:&quot;&quot;,&quot;orientation&quot;:&quot;0&quot;}\" data-image-title=\"20191206_202627-640&amp;#215;480\" data-image-description=\"\" data-image-caption=\"\" data-large-file=\"https:\/\/eldiariodesanpedro.com.ar\/sitio\/wp-content\/uploads\/2019\/12\/20191206_202627-640x480.jpg\" data-src=\"https:\/\/eldiariodesanpedro.com.ar\/sitio\/wp-content\/uploads\/2019\/12\/20191206_202627-640x480.jpg\" alt=\"\" class=\"wp-image-65301 lazyload\" data-srcset=\"https:\/\/eldiariodesanpedro.com.ar\/sitio\/wp-content\/uploads\/2019\/12\/20191206_202627-640x480.jpg 640w, https:\/\/eldiariodesanpedro.com.ar\/sitio\/wp-content\/uploads\/2019\/12\/20191206_202627-640x480-300x146.jpg 300w\" data-sizes=\"(max-width: 640px) 100vw, 640px\" src=\"data:image\/svg+xml;base64,PHN2ZyB3aWR0aD0iMSIgaGVpZ2h0PSIxIiB4bWxucz0iaHR0cDovL3d3dy53My5vcmcvMjAwMC9zdmciPjwvc3ZnPg==\" style=\"--smush-placeholder-width: 640px; --smush-placeholder-aspect-ratio: 640\/311;\" \/><\/figure>\n","protected":false},"excerpt":{"rendered":"<p>El electo Intendente de Baradero Esteban Sanzio en conferencia de prensa en Vitto\u2019s la Confiter\u00eda del Club Sportivo, dio a conocer los integrantes del nuevo gabinete que lo acompa\u00f1ar\u00e1n en su gesti\u00f3n a partir del pr\u00f3ximo martes 10 de Diciembre. El gabinete qued\u00f3 conformado de acuerdo con el siguiente detalle. SECRETARIA GENERAL DE GOBIERNO: Rodolfo [&hellip;]<\/p>\n","protected":false},"author":4,"featured_media":65302,"comment_status":"open","ping_status":"closed","sticky":false,"template":"","format":"standard","meta":{"om_disable_all_campaigns":false,"_jetpack_memberships_contains_paid_content":false,"footnotes":""},"categories":[621],"tags":[],"class_list":["post-65300","post","type-post","status-publish","format-standard","has-post-thumbnail","hentry","category-regionales"],"aioseo_notices":[],"gutentor_comment":0,"jetpack_featured_media_url":"https:\/\/eldiariodesanpedro.com.ar\/sitio\/wp-content\/uploads\/2019\/12\/20191206_202644-640x480.jpg","jetpack_shortlink":"https:\/\/wp.me\/p6RhLt-gZe","jetpack_sharing_enabled":true,"_links":{"self":[{"href":"https:\/\/eldiariodesanpedro.com.ar\/sitio\/wp-json\/wp\/v2\/posts\/65300","targetHints":{"allow":["GET"]}}],"collection":[{"href":"https:\/\/eldiariodesanpedro.com.ar\/sitio\/wp-json\/wp\/v2\/posts"}],"about":[{"href":"https:\/\/eldiariodesanpedro.com.ar\/sitio\/wp-json\/wp\/v2\/types\/post"}],"author":[{"embeddable":true,"href":"https:\/\/eldiariodesanpedro.com.ar\/sitio\/wp-json\/wp\/v2\/users\/4"}],"replies":[{"embeddable":true,"href":"https:\/\/eldiariodesanpedro.com.ar\/sitio\/wp-json\/wp\/v2\/comments?post=65300"}],"version-history":[{"count":1,"href":"https:\/\/eldiariodesanpedro.com.ar\/sitio\/wp-json\/wp\/v2\/posts\/65300\/revisions"}],"predecessor-version":[{"id":65303,"href":"https:\/\/eldiariodesanpedro.com.ar\/sitio\/wp-json\/wp\/v2\/posts\/65300\/revisions\/65303"}],"wp:featuredmedia":[{"embeddable":true,"href":"https:\/\/eldiariodesanpedro.com.ar\/sitio\/wp-json\/wp\/v2\/media\/65302"}],"wp:attachment":[{"href":"https:\/\/eldiariodesanpedro.com.ar\/sitio\/wp-json\/wp\/v2\/media?parent=65300"}],"wp:term":[{"taxonomy":"category","embeddable":true,"href":"https:\/\/eldiariodesanpedro.com.ar\/sitio\/wp-json\/wp\/v2\/categories?post=65300"},{"taxonomy":"post_tag","embeddable":true,"href":"https:\/\/eldiariodesanpedro.com.ar\/sitio\/wp-json\/wp\/v2\/tags?post=65300"}],"curies":[{"name":"wp","href":"https:\/\/api.w.org\/{rel}","templated":true}]}}