{"id":65235,"date":"2019-12-06T09:58:45","date_gmt":"2019-12-06T12:58:45","guid":{"rendered":"https:\/\/eldiariodesanpedro.com.ar\/sitio\/?p=65235"},"modified":"2019-12-06T09:58:49","modified_gmt":"2019-12-06T12:58:49","slug":"campana-otra-vez-los-tira-piedras-ahora-en-ruta-6-a-la-altura-de-barrio-bosch","status":"publish","type":"post","link":"https:\/\/eldiariodesanpedro.com.ar\/sitio\/campana-otra-vez-los-tira-piedras-ahora-en-ruta-6-a-la-altura-de-barrio-bosch\/","title":{"rendered":"CAMPANA | Otra vez los \u00abtira piedras\u00bb, ahora en Ruta 6 a la altura de Barrio Bosch"},"content":{"rendered":"<!-- VideographyWP Plugin Message: Automatic video embedding prevented by plugin options. -->\n\n<p> Parece una noticia ya difundida y sin embargo, sucedi\u00f3 en la madrugada de este jueves: de nuevo los \u00abtira piedras\u00bb atentando contra la seguridad de los vecinos. Esta vez fue sobre Ruta 6 a la altura de barrio Bosch.<\/p>\n\n\n\n<p><em>\u00abEran como las 2:50 de la madrugada y ven\u00eda con mi pareja sentido Campana &#8211; Z\u00e1rate\u00bb<\/em>, comenz\u00f3 a relatarle el vecino zarate\u00f1o al cronista de Enlace Cr\u00edtico.<\/p>\n\n\n\n<p><em>\u00abDe repente cerca del puente peatonal del barrio Bosch antes de la planta de Monsanto, sentimos el estallido de piedras contra el parabrisas del auto\u00bb<\/em>, continu\u00f3 y a\u00f1adi\u00f3,<em>&nbsp;\u00abno pude ver de donde ven\u00edan, es de suponer que estaban entre los pastizales y adem\u00e1s estaba muy oscuro\u00bb<\/em>.<\/p>\n\n\n\n<p>La pareja no se detuvo y sigui\u00f3 la marcha hasta Comisar\u00eda 1era. donde realizaron la denuncia.<\/p>\n\n\n\n<p><em>\u00abYo me pregunto hasta cuando vamos a seguir padeciendo los que circulamos por las rutas. Cuando no es en 193, es en Panamamericana y si no en la 6\u00bb<\/em>, reflexiona.<\/p>\n\n\n\n<p><em>\u00ab\u00bfQu\u00e9 estamos esperando? \u00bfqu\u00e9 adem\u00e1s que nos roben si nos detenemos haya una tragedia?\u00bb<\/em>, afirma con impotencia.<\/p>\n\n\n\n<p>\u00abTira piedras\u00bb, un flagelo que se instal\u00f3 en la regi\u00f3n y parece no encontrar soluci\u00f3n.<\/p>\n\n\n\n<p>Fuente: <a href=\"http:\/\/www.enlacecritico.com\/destacados\/un-flagelo-que-parece-no-tener-solucion-otra-vez-los-tira-piedras-ahora-en-ruta-6-a-la-altura-de-barrio-bosch\/\">Enlace Critico<\/a><\/p>\n","protected":false},"excerpt":{"rendered":"<p>Parece una noticia ya difundida y sin embargo, sucedi\u00f3 en la madrugada de este jueves: de nuevo los \u00abtira piedras\u00bb atentando contra la seguridad de los vecinos. Esta vez fue sobre Ruta 6 a la altura de barrio Bosch. \u00abEran como las 2:50 de la madrugada y ven\u00eda con mi pareja sentido Campana &#8211; Z\u00e1rate\u00bb, [&hellip;]<\/p>\n","protected":false},"author":4,"featured_media":65238,"comment_status":"open","ping_status":"closed","sticky":false,"template":"","format":"standard","meta":{"om_disable_all_campaigns":false,"_jetpack_memberships_contains_paid_content":false,"footnotes":""},"categories":[621],"tags":[759],"class_list":["post-65235","post","type-post","status-publish","format-standard","has-post-thumbnail","hentry","category-regionales","tag-ruta-6"],"aioseo_notices":[],"gutentor_comment":0,"jetpack_featured_media_url":"https:\/\/eldiariodesanpedro.com.ar\/sitio\/wp-content\/uploads\/2019\/12\/78344315_503470896932194_6923541767107117056_n_658x400.jpg","jetpack_shortlink":"https:\/\/wp.me\/p6RhLt-gYb","jetpack_sharing_enabled":true,"_links":{"self":[{"href":"https:\/\/eldiariodesanpedro.com.ar\/sitio\/wp-json\/wp\/v2\/posts\/65235","targetHints":{"allow":["GET"]}}],"collection":[{"href":"https:\/\/eldiariodesanpedro.com.ar\/sitio\/wp-json\/wp\/v2\/posts"}],"about":[{"href":"https:\/\/eldiariodesanpedro.com.ar\/sitio\/wp-json\/wp\/v2\/types\/post"}],"author":[{"embeddable":true,"href":"https:\/\/eldiariodesanpedro.com.ar\/sitio\/wp-json\/wp\/v2\/users\/4"}],"replies":[{"embeddable":true,"href":"https:\/\/eldiariodesanpedro.com.ar\/sitio\/wp-json\/wp\/v2\/comments?post=65235"}],"version-history":[{"count":1,"href":"https:\/\/eldiariodesanpedro.com.ar\/sitio\/wp-json\/wp\/v2\/posts\/65235\/revisions"}],"predecessor-version":[{"id":65239,"href":"https:\/\/eldiariodesanpedro.com.ar\/sitio\/wp-json\/wp\/v2\/posts\/65235\/revisions\/65239"}],"wp:featuredmedia":[{"embeddable":true,"href":"https:\/\/eldiariodesanpedro.com.ar\/sitio\/wp-json\/wp\/v2\/media\/65238"}],"wp:attachment":[{"href":"https:\/\/eldiariodesanpedro.com.ar\/sitio\/wp-json\/wp\/v2\/media?parent=65235"}],"wp:term":[{"taxonomy":"category","embeddable":true,"href":"https:\/\/eldiariodesanpedro.com.ar\/sitio\/wp-json\/wp\/v2\/categories?post=65235"},{"taxonomy":"post_tag","embeddable":true,"href":"https:\/\/eldiariodesanpedro.com.ar\/sitio\/wp-json\/wp\/v2\/tags?post=65235"}],"curies":[{"name":"wp","href":"https:\/\/api.w.org\/{rel}","templated":true}]}}