{"id":65232,"date":"2019-12-06T09:55:25","date_gmt":"2019-12-06T12:55:25","guid":{"rendered":"https:\/\/eldiariodesanpedro.com.ar\/sitio\/?p=65232"},"modified":"2019-12-06T09:55:31","modified_gmt":"2019-12-06T12:55:31","slug":"campana-una-noche-de-terror-el-relato-de-una-familia-victima-de-una-entradera","status":"publish","type":"post","link":"https:\/\/eldiariodesanpedro.com.ar\/sitio\/campana-una-noche-de-terror-el-relato-de-una-familia-victima-de-una-entradera\/","title":{"rendered":"CAMPANA | Una noche de terror: el relato de una familia v\u00edctima de una \u00abentradera\u00bb"},"content":{"rendered":"<!-- VideographyWP Plugin Message: Automatic video embedding prevented by plugin options. -->\n\n<p>El domingo por la noche, tres hombres rompieron la puerta de calle e ingresaron a un domicilio ubicado en calle Ghione de Campana, a punta de pistola buscando dinero en efectivo. El relato de la familia Pedraza, que ya busca mudarse a otra casa.<\/p>\n\n\n\n<p>El domingo 1 de diciembre estaba terminando para la familia Pedraza. Luego de un tranquilo y feliz d\u00eda de pileta, Noelia (29) y Dami\u00e1n (39) todav\u00eda estaban durmiendo una siesta demorada, mientras su hijo de 6 a\u00f1os jugaba con la Playstation en el recibidor de la casa.<\/p>\n\n\n\n<p><em>\u00abEran<\/em>&nbsp;\u2013relata Noelia-&nbsp;<em>las 22:20. Lo recuerdo porque me estaba despertando y me llam\u00f3 la atenci\u00f3n lo tarde que era y pens\u00e9 que ten\u00eda que preparar la cena\u00bb.<\/em><\/p>\n\n\n\n<p>Fue entonces que escuch\u00f3 los extra\u00f1os ruidos que ven\u00edan desde el porche de la casa y cay\u00f3 en la cuenta que algo malo estaba pasando.<em>&nbsp;\u00abNos est\u00e1n entrando, pens\u00e9. Y no me preguntes por qu\u00e9, pero lo primero que pens\u00e9 fue en esconder mi celular para luego poder llamar a la polic\u00eda\u00bb.<\/em><\/p>\n\n\n\n<p>Lo que sigue fueron 10 interminables minutos de terror en el domicilio de Ghione al 1033. Vali\u00e9ndose de&nbsp;<em>\u00abuna barreta de gran tama\u00f1o\u00bb<\/em>&nbsp;(Dami\u00e1n abre sus brazos para describir lo que ser\u00edan m\u00e1s de 50 cent\u00edmetros de largo), tres hombres hicieron palanca sobre la cerradura de la puerta de calle, e ingresaron al lugar y se encontraron al ni\u00f1o de la casa frente a la pantalla del televisor.<\/p>\n\n\n\n<p><em>\u00abEran tres, estaban armados y encapuchados. Adem\u00e1s, los tres ten\u00edan pa\u00f1uelos sobre las caras. S\u00f3lo se les pod\u00eda ver los ojos. Uno de ellos, el que me agarr\u00f3 a m\u00ed, ten\u00eda un Handy, como los de la polic\u00eda\u00bb<\/em>, recuerda Noelia.<\/p>\n\n\n\n<p>La peor parte se la llev\u00f3 el jefe de la familia, Dami\u00e1n, a quien tiraron al suelo y lo golperon varias veces, incluso con la barreta, y a los culatazos. De hecho, le rompieron la nariz, ten\u00eda una herida sangrante en la boca, adem\u00e1s de golpes en todo el cuerpo. Incluso, como parte de las amenazas, llegaron a apuntarle al ni\u00f1o.<\/p>\n\n\n\n<p><em>\u00abPreguntaban a los gritos d\u00f3nde estaba el dinero y yo entr\u00e9 en una crisis de nervios. Pero trat\u00e9 de calmarme cuando mi hijo me abraz\u00f3 y me dijo que me quedara tranquila, que no nos iba a pasar nada. Fue muy valiente, pero se hizo encima cuando vio c\u00f3mo lo golpeaban a su padre\u00bb<\/em>, contin\u00faa Noelia.<\/p>\n\n\n\n<p>Los Pedraza descartan&nbsp;<em>\u00abuna entrega\u00bb<\/em>, dado que no hab\u00edan hecho ninguna operaci\u00f3n en esos d\u00edas, ni guardaban una gran suma de dinero en la casa,<em>&nbsp;\u00absalvo la reserva para los gastos fijos, dado que es principio de mes<\/em>\u00ab.<\/p>\n\n\n\n<p>S\u00ed, les llam\u00f3 la atenci\u00f3n, que s\u00f3lo buscaban dinero en efectivo y por todo objeto de valor se llevaron el tel\u00e9fono celular de Dami\u00e1n, sin intentar desvalijar la casa en ning\u00fan momento.<\/p>\n\n\n\n<p>Otros detalles del robo que les llamaron la atenci\u00f3n: se trataba de hombres de entre 30 y 40 a\u00f1os, al parecer instruidos, y los tres ten\u00edan guantes de l\u00e1tex puestos en sus manos. Uno de esos guantes qued\u00f3 en el suelo de la casa, y fue colectado por personal de la Polic\u00eda Cient\u00edfica.<\/p>\n\n\n\n<p>Cuando los ladrones se fueron, Noelia fue a buscar su celular para llamar a la polic\u00eda, pero dado su estado de nervios no lo encontr\u00f3. Fue entonces que sali\u00f3 a la vereda a pedir ayuda a los gritos. La sigui\u00f3 su esposo, quien se desvaneci\u00f3 en la vereda.<\/p>\n\n\n\n<p>Un vecino llam\u00f3 a los servidores p\u00fablicos, que tardaron unos 20 minutos en llegar.<em>&nbsp;\u00abCon la puerta rota, pedimos si nos pod\u00edan dejar una consigna por esa noche, pero nos dijeron que no era posible porque no ten\u00edan suficiente personal. Hace tres d\u00edas que no dormimos. No se puede vivir con miedo, nos vamos a mudar\u00bb<\/em>, dicen, y de hecho llegaron tarde a la entrevista dado que se hab\u00edan demorado viendo una casa.<\/p>\n\n\n\n<p>En la puerta de entrada, por donde ingresaron los delincuentes, hay una c\u00e1mara de seguridad.<em>&nbsp;\u00abNo grab\u00f3 nada porque hace poco hicimos unas reformas. Alguien toc\u00f3 algo y dej\u00f3 de funcionar. Pero hace dos semanas le entraron a la vecina por el fondo y le robaron el celular. Algo menor, si se quiere, pero nos rompieron los cables de la c\u00e1mara que est\u00e1 en el patio. No s\u00e9 si fue casualidad, o alguien m\u00e1s estaba preparando el terreno para entrarnos a nosotros tambi\u00e9n. Y ahora esto. Es la tercera vez que nos roban, tres a\u00f1os seguidos, siempre en diciembre. Pero esta es la primera vez que nos pasa con nosotros en la casa. Compartimos lo que nos pas\u00f3 para que la gente de Campana sepa lo que sucede y se cuide todo lo que pueda\u00bb<\/em>, concluy\u00f3 Noel\u00eda.<\/p>\n\n\n\n<p>FUENTE:&nbsp;<strong>La Aut\u00e9ntica Defensa<\/strong><\/p>\n","protected":false},"excerpt":{"rendered":"<p>El domingo por la noche, tres hombres rompieron la puerta de calle e ingresaron a un domicilio ubicado en calle Ghione de Campana, a punta de pistola buscando dinero en efectivo. El relato de la familia Pedraza, que ya busca mudarse a otra casa. El domingo 1 de diciembre estaba terminando para la familia Pedraza. [&hellip;]<\/p>\n","protected":false},"author":4,"featured_media":65233,"comment_status":"open","ping_status":"closed","sticky":false,"template":"","format":"standard","meta":{"om_disable_all_campaigns":false,"_jetpack_memberships_contains_paid_content":false,"footnotes":""},"categories":[621],"tags":[681],"class_list":["post-65232","post","type-post","status-publish","format-standard","has-post-thumbnail","hentry","category-regionales","tag-regionales"],"aioseo_notices":[],"gutentor_comment":0,"jetpack_featured_media_url":"https:\/\/eldiariodesanpedro.com.ar\/sitio\/wp-content\/uploads\/2019\/12\/191204-26_658x400.jpg","jetpack_shortlink":"https:\/\/wp.me\/p6RhLt-gY8","jetpack_sharing_enabled":true,"_links":{"self":[{"href":"https:\/\/eldiariodesanpedro.com.ar\/sitio\/wp-json\/wp\/v2\/posts\/65232","targetHints":{"allow":["GET"]}}],"collection":[{"href":"https:\/\/eldiariodesanpedro.com.ar\/sitio\/wp-json\/wp\/v2\/posts"}],"about":[{"href":"https:\/\/eldiariodesanpedro.com.ar\/sitio\/wp-json\/wp\/v2\/types\/post"}],"author":[{"embeddable":true,"href":"https:\/\/eldiariodesanpedro.com.ar\/sitio\/wp-json\/wp\/v2\/users\/4"}],"replies":[{"embeddable":true,"href":"https:\/\/eldiariodesanpedro.com.ar\/sitio\/wp-json\/wp\/v2\/comments?post=65232"}],"version-history":[{"count":1,"href":"https:\/\/eldiariodesanpedro.com.ar\/sitio\/wp-json\/wp\/v2\/posts\/65232\/revisions"}],"predecessor-version":[{"id":65234,"href":"https:\/\/eldiariodesanpedro.com.ar\/sitio\/wp-json\/wp\/v2\/posts\/65232\/revisions\/65234"}],"wp:featuredmedia":[{"embeddable":true,"href":"https:\/\/eldiariodesanpedro.com.ar\/sitio\/wp-json\/wp\/v2\/media\/65233"}],"wp:attachment":[{"href":"https:\/\/eldiariodesanpedro.com.ar\/sitio\/wp-json\/wp\/v2\/media?parent=65232"}],"wp:term":[{"taxonomy":"category","embeddable":true,"href":"https:\/\/eldiariodesanpedro.com.ar\/sitio\/wp-json\/wp\/v2\/categories?post=65232"},{"taxonomy":"post_tag","embeddable":true,"href":"https:\/\/eldiariodesanpedro.com.ar\/sitio\/wp-json\/wp\/v2\/tags?post=65232"}],"curies":[{"name":"wp","href":"https:\/\/api.w.org\/{rel}","templated":true}]}}