{"id":65224,"date":"2019-12-06T09:07:54","date_gmt":"2019-12-06T12:07:54","guid":{"rendered":"https:\/\/eldiariodesanpedro.com.ar\/sitio\/?p=65224"},"modified":"2019-12-06T09:07:59","modified_gmt":"2019-12-06T12:07:59","slug":"otorgaron-la-prision-domiciliaria-a-leonardo-macelli-pero-debera-permanecer-en-la-carcel","status":"publish","type":"post","link":"https:\/\/eldiariodesanpedro.com.ar\/sitio\/otorgaron-la-prision-domiciliaria-a-leonardo-macelli-pero-debera-permanecer-en-la-carcel\/","title":{"rendered":"Otorgaron la prisi\u00f3n domiciliaria a Leonardo Macelli pero deber\u00e1 permanecer en la c\u00e1rcel"},"content":{"rendered":"<!-- VideographyWP Plugin Message: Automatic video embedding prevented by plugin options. -->\n\n<p> El fiscal Hern\u00e1n Granda apel\u00f3 la medida otorgada por la jueza de garant\u00edas Mar\u00eda Eugenia Maiztegui y el imputado deber\u00e1 aguardar que la C\u00e1mara lo resuelva. <\/p>\n\n\n\n<p>D\u00edas atr\u00e1s el Dr. Hugo Lima, abogado defensor de Leonardo Macelli, hab\u00eda solicitado la prisi\u00f3n domiciliaria de su defendido. La jueza de garant\u00edas Mar\u00eda Eugenia Maiztegui hizo lugar al pedido del letrado nicole\u00f1o pero como era de esperar el fiscal Hern\u00e1n Granda, que es quien instruye la causa, apel\u00f3 \u00a0la medida y ahora todo se resolver\u00e1 en la C\u00e1mara correspondiente.<\/p>\n\n\n\n<p>La defensa aguarda que la decisi\u00f3n en esta instancia favorezca a Leonardo Macelli y si es antes de que d\u00e9 comienzo la feria judicial mejor. De todos modos las expectativas para el futuro procesal del acusado son inmejorables ya que quien hizo la presentaci\u00f3n formal fue el juzgado de garant\u00edas y es el fiscal Granda quien deber\u00e1 revertir la decisi\u00f3n.<\/p>\n\n\n\n<p>Leonardo Macelli, ex chofer del Intendente Municipal, permanece detenido junto a otras cinco personas, desde junio pasado acusado de integrar una banda de piratas del asfalto que operaba en la regi\u00f3n.<\/p>\n","protected":false},"excerpt":{"rendered":"<p>El fiscal Hern\u00e1n Granda apel\u00f3 la medida otorgada por la jueza de garant\u00edas Mar\u00eda Eugenia Maiztegui y el imputado deber\u00e1 aguardar que la C\u00e1mara lo resuelva. D\u00edas atr\u00e1s el Dr. Hugo Lima, abogado defensor de Leonardo Macelli, hab\u00eda solicitado la prisi\u00f3n domiciliaria de su defendido. La jueza de garant\u00edas Mar\u00eda Eugenia Maiztegui hizo lugar al [&hellip;]<\/p>\n","protected":false},"author":4,"featured_media":65225,"comment_status":"open","ping_status":"closed","sticky":false,"template":"","format":"standard","meta":{"om_disable_all_campaigns":false,"_jetpack_memberships_contains_paid_content":false,"footnotes":""},"categories":[50,2,103],"tags":[],"class_list":["post-65224","post","type-post","status-publish","format-standard","has-post-thumbnail","hentry","category-destacadas","category-locales","category-policiales-locales"],"aioseo_notices":[],"gutentor_comment":1,"jetpack_featured_media_url":"https:\/\/eldiariodesanpedro.com.ar\/sitio\/wp-content\/uploads\/2019\/12\/000081356.jpeg","jetpack_shortlink":"https:\/\/wp.me\/p6RhLt-gY0","jetpack_sharing_enabled":true,"_links":{"self":[{"href":"https:\/\/eldiariodesanpedro.com.ar\/sitio\/wp-json\/wp\/v2\/posts\/65224","targetHints":{"allow":["GET"]}}],"collection":[{"href":"https:\/\/eldiariodesanpedro.com.ar\/sitio\/wp-json\/wp\/v2\/posts"}],"about":[{"href":"https:\/\/eldiariodesanpedro.com.ar\/sitio\/wp-json\/wp\/v2\/types\/post"}],"author":[{"embeddable":true,"href":"https:\/\/eldiariodesanpedro.com.ar\/sitio\/wp-json\/wp\/v2\/users\/4"}],"replies":[{"embeddable":true,"href":"https:\/\/eldiariodesanpedro.com.ar\/sitio\/wp-json\/wp\/v2\/comments?post=65224"}],"version-history":[{"count":1,"href":"https:\/\/eldiariodesanpedro.com.ar\/sitio\/wp-json\/wp\/v2\/posts\/65224\/revisions"}],"predecessor-version":[{"id":65226,"href":"https:\/\/eldiariodesanpedro.com.ar\/sitio\/wp-json\/wp\/v2\/posts\/65224\/revisions\/65226"}],"wp:featuredmedia":[{"embeddable":true,"href":"https:\/\/eldiariodesanpedro.com.ar\/sitio\/wp-json\/wp\/v2\/media\/65225"}],"wp:attachment":[{"href":"https:\/\/eldiariodesanpedro.com.ar\/sitio\/wp-json\/wp\/v2\/media?parent=65224"}],"wp:term":[{"taxonomy":"category","embeddable":true,"href":"https:\/\/eldiariodesanpedro.com.ar\/sitio\/wp-json\/wp\/v2\/categories?post=65224"},{"taxonomy":"post_tag","embeddable":true,"href":"https:\/\/eldiariodesanpedro.com.ar\/sitio\/wp-json\/wp\/v2\/tags?post=65224"}],"curies":[{"name":"wp","href":"https:\/\/api.w.org\/{rel}","templated":true}]}}